[{"@context":"https:\/\/schema.org\/","@type":"Article","@id":"https:\/\/www.gareno.cz\/vztahy-v-praci\/#Article","mainEntityOfPage":"https:\/\/www.gareno.cz\/vztahy-v-praci\/","headline":"Vztahy v pr\u00e1ci","name":"Vztahy v pr\u00e1ci","description":"Podle m\u00e9ho n\u00e1zoru, kdy\u017e lid\u00e9 dodr\u017euj\u00ed opravdu kr\u00e1sn\u00e9 vztahy, tak je \u017eivot o n\u011bco lep\u0161\u00ed a \u0161\u0165astn\u011bj\u0161\u00ed. Tohle moc dob\u0159e zn\u00e1m. Proto\u017ee zn\u00e1m tak\u00e9 p\u00e1r lid\u00ed, kte\u0159\u00ed se jenom st\u00e1le h\u00e1daj\u00ed, co\u017e je velmi vy\u010derp\u00e1vaj\u00edc\u00ed a je to samoz\u0159ejm\u011b\u00a0tak\u00e9 \u0161koda. Pro\u010d se st\u00e1le h\u00e1dat, kdy\u017e to jde jist\u011b kolikr\u00e1t i bez h\u00e1dek? A abych pravdu [&hellip;]","datePublished":"2023-01-10","dateModified":"2023-05-18","author":{"@type":"Person","@id":"https:\/\/www.gareno.cz\/author\/#Person","name":"","url":"https:\/\/www.gareno.cz\/author\/","identifier":1,"image":{"@type":"ImageObject","@id":"https:\/\/secure.gravatar.com\/avatar\/65248d4269af31fa3fa693ee3fd479d0960b985d370ed586e59378332be7a3ce?s=96&d=mm&r=g","url":"https:\/\/secure.gravatar.com\/avatar\/65248d4269af31fa3fa693ee3fd479d0960b985d370ed586e59378332be7a3ce?s=96&d=mm&r=g","height":96,"width":96}},"publisher":{"@type":"Organization","name":"gareno.cz","logo":{"@type":"ImageObject","@id":"\/logo.png","url":"\/logo.png","width":600,"height":60}},"image":{"@type":"ImageObject","@id":"https:\/\/www.gareno.cz\/wp-content\/uploads\/ba4c0f5601bff3b113bb03d06655f84f_1.jpg","url":"https:\/\/www.gareno.cz\/wp-content\/uploads\/ba4c0f5601bff3b113bb03d06655f84f_1.jpg","height":0,"width":0},"url":"https:\/\/www.gareno.cz\/vztahy-v-praci\/","about":["Vztahy"],"wordCount":450,"articleBody":"Podle m\u00e9ho n\u00e1zoru, kdy\u017e lid\u00e9 dodr\u017euj\u00ed opravdu kr\u00e1sn\u00e9 vztahy, tak je \u017eivot o n\u011bco lep\u0161\u00ed a \u0161\u0165astn\u011bj\u0161\u00ed. Tohle moc dob\u0159e zn\u00e1m. Proto\u017ee zn\u00e1m tak\u00e9 p\u00e1r lid\u00ed, kte\u0159\u00ed se jenom st\u00e1le h\u00e1daj\u00ed, co\u017e je velmi vy\u010derp\u00e1vaj\u00edc\u00ed a je to samoz\u0159ejm\u011b\u00a0tak\u00e9 \u0161koda. Pro\u010d se st\u00e1le h\u00e1dat, kdy\u017e to jde jist\u011b kolikr\u00e1t i bez h\u00e1dek? A abych pravdu \u0159ekla, tak ne v\u017edycky tohle je dob\u0159e. H\u00e1dky jsou p\u0159ece \u0161patn\u00e9 a opravdu mi je v\u017edycky velice smutno, kdy\u017e se s n\u011bk\u00fdm nemus\u00edm h\u00e1dat. J\u00e1 jsem sice\u00a0bohu\u017eel cholerik, ale i tak h\u00e1dky nem\u00e1m r\u00e1da. Proto\u017ee moje cholerick\u00e1 povaha je takov\u00e1, \u017ee kdy\u017e se na\u0161tvu anebo m\u011b vyto\u010d\u00ed ka\u017ed\u00e1 mali\u010dkost, tak jsem potom jako \u010f\u00e1bel a za deset minut m\u011b to v\u0161echno moc mrz\u00ed a div\u00edm se, pro\u010d jsem kv\u016fli blbin\u011b tak vyjela. Takhle to \u0159\u00edk\u00e1 alespo\u0148 moje m\u00e1ma a tak\u00e9 moji sourozenci. Dokonce jsem kv\u016fli mn\u011b ztratila tak\u00e9 dva kr\u00e1sn\u00e9 milostn\u00e9 vztahy, kter\u00e9 pr\u00e1v\u011b ztroskotaly na tom, \u017ee jsem velice divok\u00e1 a impulzivn\u00ed povaha. Opravdu bych cht\u011bla b\u00fdt klidn\u011bj\u0161\u00ed a cht\u011bla bych b\u00fdt takov\u00e1 v\u00edce flegmati\u010dt\u00ed ne\u017e m\u00edt cholerickou povahu. Zkou\u0161ela jsem zaj\u00edt si k l\u00e9ka\u0159i a k psychologovi, aby mi dal n\u011bjak\u00e9 l\u00e9ky na uklidn\u011bn\u00ed. I kdy\u017e jsem brala n\u011bjak\u00e9 p\u0159\u00edrodn\u00ed l\u00e9ky na uklidn\u011bn\u00ed, tak m\u011b i tak moc nepomohly, proto\u017ee jsem st\u00e1le m\u011bla v\u00fdbuchy vzteku. V\u011b\u0159te mi, \u017ee potom udr\u017eovat n\u011bjak\u00e9 skv\u011bl\u00e9 a mil\u00e9 vztahy v rodin\u011b anebo v mezi p\u0159\u00e1teli nebo v pr\u00e1ci je velice slo\u017eit\u00e9, kdy\u017e m\u00e1te velmi \u010dasto v\u00fdbuchy vzteku. A nejenom tohle. Proto\u017ee m\u00e9 pracovn\u00ed vztahy mi tak\u00e9 ni\u010d\u00ed to, \u017ee m\u011b vyto\u010d\u00ed opravdu ka\u017ed\u00e1 mali\u010dkost. Tak\u017ee kdy\u017e se na\u0161tvu t\u0159eba jenom na n\u011bco mal\u00e9ho, tak je ihned ohe\u0148 na st\u0159e\u0161e. A je p\u0159ece logick\u00e9, \u017ee m\u00fdm spolupracovn\u00edk\u016fm a taky \u0161\u00e9fovi a koleg\u016fm to bude vadit, proto\u017ee potom za\u017e\u00edv\u00e1m nejenom peklo a ostatn\u00edm kolegy, ale i s dal\u0161\u00edmi mnoha lidmi. A samoz\u0159ejm\u011b m\u011b tohle moc vad\u00ed. Mysl\u00edm si, \u017ee ale v\u017edycky se\u00a0d\u00e1 na n\u011b\u010dem domluvit nebo ud\u011blat tak\u00e9 n\u011bjak\u00e9 kompromisy. A n\u011bkdy to bohu\u017eel bez kompromisu nejde, tak\u017ee potom udr\u017eovat p\u011bkn\u00e9 vztahy je n\u011bkdy moc slo\u017eit\u00e9.\u00a0                                                                                                                                                                                                                                                                                                                                                                                                "},{"@context":"https:\/\/schema.org\/","@type":"BreadcrumbList","itemListElement":[{"@type":"ListItem","position":1,"name":"Vztahy v pr\u00e1ci","item":"https:\/\/www.gareno.cz\/vztahy-v-praci\/#breadcrumbitem"}]}]