[{"@context":"https:\/\/schema.org\/","@type":"Article","@id":"https:\/\/www.gareno.cz\/vykonny-mobilni-telefon\/#Article","mainEntityOfPage":"https:\/\/www.gareno.cz\/vykonny-mobilni-telefon\/","headline":"V\u00fdkonn\u00fd mobiln\u00ed telefon","name":"V\u00fdkonn\u00fd mobiln\u00ed telefon","description":"J&Atilde;&iexcl; si mysl&Atilde;&shy;m, &Aring;&frac34;e bez mobiln&Atilde;&shy;ho telefonu by v dne&Aring;&iexcl;n&Atilde;&shy; dob&Auml;&#8250; nedal&Acirc;&nbsp;r&Atilde;&iexcl;nu asi nikdo. J&Atilde;&iexcl; si mysl&Atilde;&shy;m, &Aring;&frac34;e mobiln&Atilde;&shy; telefon je tady od toho, aby my lid&Atilde;&copy; jsme si&Acirc;&nbsp;tak&Atilde;&copy; v&Atilde;&shy;ce v&Atilde;&iexcl;&Aring;&frac34;ili v&Auml;&#8250;c&Atilde;&shy;, proto&Aring;&frac34;e se jenom pod&Atilde;&shy;vejte okolo sebe a ur&Auml;it&Auml;&#8250; zjist&Atilde;&shy;te, &Aring;&frac34;e mobiln&Atilde;&shy; telefon nen&Atilde;&shy; nejlevn&Auml;&#8250;j&Aring;&iexcl;&Atilde;&shy;. Ale samoz&Aring;&#8482;ejm&Auml;&#8250; v dne&Aring;&iexcl;n&Atilde;&shy; dob&Auml;&#8250; se&Aring;&frac34;enete i t&Aring;&#8482;eba za [&hellip;]","datePublished":"2023-07-05","dateModified":"2024-04-05","author":{"@type":"Person","@id":"https:\/\/www.gareno.cz\/author\/#Person","name":"","url":"https:\/\/www.gareno.cz\/author\/","identifier":1,"image":{"@type":"ImageObject","@id":"https:\/\/secure.gravatar.com\/avatar\/65248d4269af31fa3fa693ee3fd479d0960b985d370ed586e59378332be7a3ce?s=96&d=mm&r=g","url":"https:\/\/secure.gravatar.com\/avatar\/65248d4269af31fa3fa693ee3fd479d0960b985d370ed586e59378332be7a3ce?s=96&d=mm&r=g","height":96,"width":96}},"publisher":{"@type":"Organization","name":"gareno.cz","logo":{"@type":"ImageObject","@id":"\/logo.png","url":"\/logo.png","width":600,"height":60}},"image":{"@type":"ImageObject","@id":"https:\/\/www.gareno.cz\/wp-content\/uploads\/business-5475661_1280.jpg","url":"https:\/\/www.gareno.cz\/wp-content\/uploads\/business-5475661_1280.jpg","height":0,"width":0},"url":"https:\/\/www.gareno.cz\/vykonny-mobilni-telefon\/","about":["Mobil"],"wordCount":782,"articleBody":"J&Atilde;&iexcl; si mysl&Atilde;&shy;m, &Aring;&frac34;e bez mobiln&Atilde;&shy;ho telefonu by v dne&Aring;&iexcl;n&Atilde;&shy; dob&Auml;&#8250; nedal&Acirc;&nbsp;r&Atilde;&iexcl;nu asi nikdo. J&Atilde;&iexcl; si mysl&Atilde;&shy;m, &Aring;&frac34;e mobiln&Atilde;&shy; telefon je tady od toho, aby my lid&Atilde;&copy; jsme si&Acirc;&nbsp;tak&Atilde;&copy; v&Atilde;&shy;ce v&Atilde;&iexcl;&Aring;&frac34;ili v&Auml;&#8250;c&Atilde;&shy;, proto&Aring;&frac34;e se jenom pod&Atilde;&shy;vejte okolo sebe a ur&Auml;it&Auml;&#8250; zjist&Atilde;&shy;te, &Aring;&frac34;e mobiln&Atilde;&shy; telefon nen&Atilde;&shy; nejlevn&Auml;&#8250;j&Aring;&iexcl;&Atilde;&shy;. Ale samoz&Aring;&#8482;ejm&Auml;&#8250; v dne&Aring;&iexcl;n&Atilde;&shy; dob&Auml;&#8250; se&Aring;&frac34;enete i t&Aring;&#8482;eba za patn&Atilde;&iexcl;ct&Acirc;&nbsp;stovek opravdu skv&Auml;&#8250;l&Atilde;&frac12; mobiln&Atilde;&shy; telefon. Ov&Aring;&iexcl;em ale zase nep&Aring;&#8482;edpokl&Atilde;&iexcl;dejte, &Aring;&frac34;e takov&Atilde;&frac12; levn&Atilde;&frac12; mobiln&Atilde;&shy; telefon bude m&Atilde;&shy;t velikou pam&Auml;&#8250;&Aring;&yen;. Podle m&Atilde;&copy;ho n&Atilde;&iexcl;zoru tam st&Atilde;&iexcl;hnete dv&Auml;&#8250;&Acirc;&nbsp;nebo t&Aring;&#8482;i&Acirc;&nbsp;hry a d&Atilde;&iexcl;te si p&Atilde;&iexcl;r&Acirc;&nbsp;fotografi&Atilde;&shy; a budete m&Atilde;&shy;t &Atilde;&ordm;pln&Auml;&#8250; plnou pam&Auml;&#8250;&Aring;&yen;. Ne-li &Atilde;&ordm;pln&Auml;&#8250; p&Aring;&#8482;epln&Auml;&#8250;nou. J&Atilde;&iexcl; jsem sp&Atilde;&shy;&Aring;&iexcl;e takov&Atilde;&frac12; typ &Auml;lov&Auml;&#8250;ka, kter&Atilde;&frac12; hlavn&Auml;&#8250; db&Atilde;&iexcl; v prvn&Atilde;&shy; &Aring;&#8482;ad&Auml;&#8250; nejenom tak&Atilde;&copy; na vzhled, proto&Aring;&frac34;e jsem &Aring;&frac34;ena a j&Atilde;&iexcl; tak&Atilde;&copy; si d&Atilde;&iexcl;v&Atilde;&iexcl;m z&Atilde;&iexcl;le&Aring;&frac34;et na tom, jak&Atilde;&frac12; vzhled m&Atilde;&iexcl; mobiln&Atilde;&shy; telefon, jak&Atilde;&frac12; m&Atilde;&iexcl; design.&Acirc;&nbsp;Ale tak&Atilde;&copy; samoz&Aring;&#8482;ejm&Auml;&#8250; chci, aby m&Auml;&#8250;l opravdu velik&Atilde;&copy; &Atilde;&ordm;lo&Aring;&frac34;i&Aring;&iexcl;t&Auml;&#8250;, aby byl kvalitn&Atilde;&shy; a taky hlavn&Auml;&#8250; odoln&Atilde;&frac12;. I kdy&Aring;&frac34; mobiln&Atilde;&shy; telefon m&Atilde;&iexcl;m v pouzd&Aring;&#8482;e v takov&Atilde;&copy;m kr&Atilde;&iexcl;sn&Atilde;&copy;m, v&Aring;&frac34;dycky zlat&Atilde;&copy;m pouzd&Aring;&#8482;e, tak tak&Atilde;&copy; chci, aby byl mobiln&Atilde;&shy; telefon odoln&Atilde;&frac12;. Proto&Aring;&frac34;e hodn&Auml;&#8250; &Auml;asto mi pad&Atilde;&iexcl; z rukou anebo t&Aring;&#8482;eba kdy&Aring;&frac34; si d&Atilde;&iexcl;m mobiln&Atilde;&shy; telefon do kapsy u d&Aring;&frac34;in a nebo u bundy, tak kolikr&Atilde;&iexcl;t se mi stane, &Aring;&frac34;e i tak mi mobiln&Atilde;&shy; telefon vypadne. Jednodu&Aring;&iexcl;e si ned&Atilde;&iexcl;v&Atilde;&iexcl;m pozor a hodn&Auml;&#8250; m&Auml;&#8250; to mrz&Atilde;&shy;, ale co s t&Atilde;&shy;m m&Atilde;&iexcl;m ud&Auml;&#8250;lat?Jedin&Auml;&#8250; to, &Aring;&frac34;e si po&Aring;&#8482;&Atilde;&shy;d&Atilde;&shy;m opravdu pevn&Atilde;&copy; a kvalitn&Atilde;&shy; pouzdro na mobiln&Atilde;&shy; telefon a tohle se mi pr&Atilde;&iexcl;v&Auml;&#8250; poda&Aring;&#8482;ilo, proto&Aring;&frac34;e jsem jenom na internetu na&Aring;&iexcl;la ve v&Atilde;&frac12;prodeji opravdu kr&Atilde;&iexcl;sn&Atilde;&copy; zlato &Aring;&iexcl;ed&Atilde;&copy; pouzdro. Potom tam m&Auml;&#8250;li je&Aring;&iexcl;t&Auml;&#8250; zlator&Aring;&macr;&Aring;&frac34;ov&Atilde;&copy; pouzdro na mobiln&Atilde;&shy; telefon. Opravdu jsem nev&Auml;&#8250;d&Auml;&#8250;la, jak&Atilde;&copy; si vybrat, a tak jsem si&Acirc;&nbsp;nakonec po&Aring;&#8482;&Atilde;&shy;dila ob&Auml;&#8250; dv&Auml;&#8250;&Acirc;&nbsp;a m&Aring;&macr;&Aring;&frac34;u &Aring;&#8482;&Atilde;&shy;ct, &Aring;&frac34;e jsem opravdu r&Atilde;&iexcl;da, &Aring;&frac34;e jsem tohle ud&Auml;&#8250;lala, proto&Aring;&frac34;e ka&Aring;&frac34;d&Atilde;&frac12; mi hlavn&Auml;&#8250; z&Atilde;&iexcl;vid&Auml;&#8250;l to&Acirc;&nbsp;zlato r&Aring;&macr;&Aring;&frac34;ov&Atilde;&copy; pouzdro na mobiln&Atilde;&shy; telefon. A samoz&Aring;&#8482;ejm&Auml;&#8250; tak&Atilde;&copy;&Acirc;&nbsp;v&Atilde;&iexcl;m ho&Acirc;&nbsp;doporu&Auml;uji. J&Atilde;&iexcl; osobn&Auml;&#8250; bych se bez pevn&Atilde;&copy;ho obalu&Acirc;&nbsp;na mobil&Acirc;&nbsp;u&Aring;&frac34; v&Aring;&macr;bec neobe&Aring;&iexcl;la.&Acirc;&nbsp;                                                                                                                                                                                                                                                                                                                                                                                                "},{"@context":"https:\/\/schema.org\/","@type":"BreadcrumbList","itemListElement":[{"@type":"ListItem","position":1,"name":"V\u00fdkonn\u00fd mobiln\u00ed telefon","item":"https:\/\/www.gareno.cz\/vykonny-mobilni-telefon\/#breadcrumbitem"}]}]