[{"@context":"https:\/\/schema.org\/","@type":"Article","@id":"https:\/\/www.gareno.cz\/uklidte-si-kancelar\/#Article","mainEntityOfPage":"https:\/\/www.gareno.cz\/uklidte-si-kancelar\/","headline":"Ukli\u010fte si kancel\u00e1\u0159","name":"Ukli\u010fte si kancel\u00e1\u0159","description":"M\u00e1te v Praze kancel\u00e1\u0159, ale p\u0159ijde v\u00e1m, \u017ee nen\u00ed dostate\u010dn\u011b udr\u017eovan\u00e1 a \u010dist\u00e1, a p\u0159itom se na to nem\u016f\u017eete d\u00edvat? Nem\u00e1te na ukl\u00edzen\u00ed \u010das z d\u016fvodu pracovn\u00edch povinnost\u00ed? \u010cel\u00edte kv\u016fli tomu velk\u00e9mu stresu a nev\u00edte, jak p\u0159esn\u011b z toho za\u010darovan\u00e9ho kruhu ven? Od toho jsme tu my! Profesion\u00e1ln\u00ed \u00faklidov\u00e1 firma, kter\u00e1 se zab\u00fdv\u00e1 nejen \u00faklidem [&hellip;]","datePublished":"2023-11-19","dateModified":"2023-12-20","author":{"@type":"Person","@id":"https:\/\/www.gareno.cz\/author\/#Person","name":"","url":"https:\/\/www.gareno.cz\/author\/","identifier":1,"image":{"@type":"ImageObject","@id":"https:\/\/secure.gravatar.com\/avatar\/65248d4269af31fa3fa693ee3fd479d0960b985d370ed586e59378332be7a3ce?s=96&d=mm&r=g","url":"https:\/\/secure.gravatar.com\/avatar\/65248d4269af31fa3fa693ee3fd479d0960b985d370ed586e59378332be7a3ce?s=96&d=mm&r=g","height":96,"width":96}},"publisher":{"@type":"Organization","name":"gareno.cz","logo":{"@type":"ImageObject","@id":"\/logo.png","url":"\/logo.png","width":600,"height":60}},"image":{"@type":"ImageObject","@id":"https:\/\/www.gareno.cz\/wp-content\/uploads\/house-cleaning-2055954_1280.png","url":"https:\/\/www.gareno.cz\/wp-content\/uploads\/house-cleaning-2055954_1280.png","height":0,"width":0},"url":"https:\/\/www.gareno.cz\/uklidte-si-kancelar\/","about":["Spole\u010dnosti"],"wordCount":415,"articleBody":"       M\u00e1te v Praze kancel\u00e1\u0159, ale p\u0159ijde v\u00e1m, \u017ee nen\u00ed dostate\u010dn\u011b udr\u017eovan\u00e1 a \u010dist\u00e1, a p\u0159itom se na to nem\u016f\u017eete d\u00edvat? Nem\u00e1te na ukl\u00edzen\u00ed \u010das z d\u016fvodu pracovn\u00edch povinnost\u00ed? \u010cel\u00edte kv\u016fli tomu velk\u00e9mu stresu a nev\u00edte, jak p\u0159esn\u011b z toho za\u010darovan\u00e9ho kruhu ven? Od toho jsme tu my! Profesion\u00e1ln\u00ed \u00faklidov\u00e1 firma, kter\u00e1 se zab\u00fdv\u00e1 nejen \u00faklidem kancel\u00e1\u0159\u00ed v Praze, ale taky \u00faklidy r\u016fzn\u00fdch dom\u00e1cnost\u00ed, kter\u00e9 maj\u00ed s nepo\u0159\u00e1dkem probl\u00e9m. Jsme tu prost\u011b a jednodu\u0161e od toho, abychom v\u00e1m pomohli, a to za ka\u017edou cenu. Va\u0161e kancel\u00e1\u0159 si zaslou\u017e\u00ed p\u00e9\u010di, kterou vy\u017eaduje. Vys\u00e1v\u00e1n\u00ed, ut\u00edr\u00e1n\u00ed, vyt\u00edr\u00e1n\u00ed \u2013 nic n\u00e1m ned\u011bl\u00e1 probl\u00e9m. Z\u00e1le\u017e\u00ed na v\u00e1s, jak\u00fd typ \u00faklidu si budete cht\u00edt vybrat.Jako firma nab\u00edz\u00edme dv\u011b mo\u017enosti:oby\u010dejn\u00fd \u00faklid (ten zahrnuje pouze lehk\u00fd \u00faklid stol\u016f, vy\u010di\u0161t\u011bn\u00ed ne\u010distot na stolech a podobn\u011b)nebo si m\u016f\u017eete objednat propracovan\u011bj\u0161\u00ed \u00faklid (um\u00fdv\u00e1n\u00ed oken, ut\u00edr\u00e1n\u00ed prachu, vyt\u00edr\u00e1n\u00ed a podobn\u011b)Je jen na v\u00e1s, co si zvol\u00edte. Dokonce i pokud m\u00e1te speci\u00e1ln\u00ed p\u0159\u00e1n\u00ed ohledn\u011b \u00faklidu jako z\u00e1kazn\u00edk, ned\u011bl\u00e1 n\u00e1m to probl\u00e9m. Samoz\u0159ejm\u011b \u010d\u00edm v\u00edce slu\u017eeb si objedn\u00e1te, t\u00edm v\u00edce zaplat\u00edte. Ale nemus\u00edte se b\u00e1t, \u017ee by na\u0161e slu\u017eby byly n\u011bjak p\u0159edra\u017een\u00e9 \u2013 dovolit si je m\u016f\u017ee skoro ka\u017ed\u00fd. Na na\u0161ich webov\u00fdch str\u00e1nk\u00e1ch jsou uk\u00e1zky recenz\u00ed na na\u0161i firmu, kter\u00e9 psali na\u0161i z\u00e1kazn\u00edci a klienti. M\u00e1me velmi kladn\u00e9 ohodnocen\u00ed a pat\u0159\u00edme k jedn\u00e9 z nejlep\u0161\u00edch, nejkvalitn\u011bj\u0161\u00edch a nejdostupn\u011bj\u0161\u00edch \u00faklidov\u00fdch firem v Praze. Postupem \u010dasu jsme si z\u00edskali svoji klientelu. Za na\u0161\u00ed pr\u00e1ci stoj\u00ed dlouholet\u00e9 zku\u0161enosti a d\u0159ina. Ka\u017ed\u00e9ho z\u00e1kazn\u00edka si v\u00e1\u017e\u00edme. Jsme spolehliv\u00ed, dodr\u017eujeme \u010dasov\u00e9 term\u00edny. Pokud n\u00e1m sv\u011b\u0159\u00edte do rukou va\u0161i kancel\u00e1\u0159, uvid\u00edte, \u017ee nebudete litovat a dok\u00e1\u017eeme v\u00e1m, \u017ee jsme ta nejlep\u0161\u00ed \u00faklidov\u00e1 firma Praha, kterou jste si mohli objednat. Na\u0161e slu\u017eby prost\u011b nemaj\u00ed konkurenci, a to v\u00e1m potvrd\u00ed nejeden z\u00e1kazn\u00edk. Tak se p\u0159esv\u011bd\u010dte sami a uvid\u00edte.                                                                                                                                                                                                                                                                                                                                                                                                  "},{"@context":"https:\/\/schema.org\/","@type":"BreadcrumbList","itemListElement":[{"@type":"ListItem","position":1,"name":"Ukli\u010fte si kancel\u00e1\u0159","item":"https:\/\/www.gareno.cz\/uklidte-si-kancelar\/#breadcrumbitem"}]}]