[{"@context":"https:\/\/schema.org\/","@type":"Article","@id":"https:\/\/www.gareno.cz\/u-nas-si-vyberete-tu-nejlepsi-karnevalovou-masku\/#Article","mainEntityOfPage":"https:\/\/www.gareno.cz\/u-nas-si-vyberete-tu-nejlepsi-karnevalovou-masku\/","headline":"U n\u00e1s si vyberete tu nejlep\u0161\u00ed karnevalovou masku","name":"U n\u00e1s si vyberete tu nejlep\u0161\u00ed karnevalovou masku","description":"Chyst\u00e1te se na akci, kde je zapot\u0159eb\u00ed p\u0159evlek? A\u0165 u\u017e se budete \u00fa\u010dastnit ma\u0161karn\u00edho plesu, \u0160ib\u0159inek, masopustn\u00edho pr\u016fvodu, poh\u00e1dkov\u00e9 cesty, posledn\u00edho zvon\u011bn\u00ed nebo tematick\u00e9 party, nav\u0161tivte na\u0161e provozovny. Na\u0161e skv\u011bl\u00e1 p\u016fj\u010dovna kost\u00fdm\u016f Praha m\u00e1 rovnou dv\u011b pobo\u010dky. Jednu naleznete na ulici Veletr\u017en\u00ed 1 a tu druhou na Host\u00fdnsk\u00e9 14. Ob\u011b nab\u00edz\u00ed toto\u017en\u00fd sortiment. Svoji masku [&hellip;]","datePublished":"2023-09-20","dateModified":"2023-09-20","author":{"@type":"Person","@id":"https:\/\/www.gareno.cz\/author\/#Person","name":"","url":"https:\/\/www.gareno.cz\/author\/","identifier":1,"image":{"@type":"ImageObject","@id":"https:\/\/secure.gravatar.com\/avatar\/65248d4269af31fa3fa693ee3fd479d0960b985d370ed586e59378332be7a3ce?s=96&d=mm&r=g","url":"https:\/\/secure.gravatar.com\/avatar\/65248d4269af31fa3fa693ee3fd479d0960b985d370ed586e59378332be7a3ce?s=96&d=mm&r=g","height":96,"width":96}},"publisher":{"@type":"Organization","name":"gareno.cz","logo":{"@type":"ImageObject","@id":"\/logo.png","url":"\/logo.png","width":600,"height":60}},"url":"https:\/\/www.gareno.cz\/u-nas-si-vyberete-tu-nejlepsi-karnevalovou-masku\/","wordCount":215,"articleBody":"Chyst\u00e1te se na akci, kde je zapot\u0159eb\u00ed p\u0159evlek? A\u0165 u\u017e se budete \u00fa\u010dastnit ma\u0161karn\u00edho plesu, \u0160ib\u0159inek, masopustn\u00edho pr\u016fvodu, poh\u00e1dkov\u00e9 cesty, posledn\u00edho zvon\u011bn\u00ed nebo tematick\u00e9 party, nav\u0161tivte na\u0161e provozovny. Na\u0161e skv\u011bl\u00e1 p\u016fj\u010dovna kost\u00fdm\u016f Praha m\u00e1 rovnou dv\u011b pobo\u010dky. Jednu naleznete na ulici Veletr\u017en\u00ed 1 a tu druhou na Host\u00fdnsk\u00e9 14. Ob\u011b nab\u00edz\u00ed toto\u017en\u00fd sortiment. Svoji masku si m\u016f\u017eete tak\u00e9 vybrat \u010di prohl\u00e9dnout na webov\u00fdch str\u00e1nk\u00e1ch, kde je mo\u017en\u00e1 tak\u00e9 rezervace. Nab\u00edzen\u00e9 masky jsou v\u011brohodn\u00e9, p\u0159\u00edjemn\u00e9 na no\u0161en\u00ed a detailn\u011b propracovan\u00e9.Masky a to v\u010detn\u011b d\u016fle\u017eit\u00fdch dopl\u0148k\u016fNab\u00edz\u00edme V\u00e1m zap\u016fj\u010den\u00ed origin\u00e1ln\u00edch a detailn\u011b propracovan\u00fdch kost\u00fdm\u016f. K nim V\u00e1m tak\u00e9 prod\u00e1me \u0159adu d\u016fle\u017eit\u00fdch dopl\u0148k\u016f, kter\u00fdmi svoji masku p\u0159ivedete do naprost\u00e9 dokonalosti. Nep\u0159ehl\u00e9dn\u011bte kr\u00e1sn\u00e9 paruky, nalepovac\u00ed vousy a kn\u00edry, ozdoby, omyvateln\u00e9 barvy ve sprej\u00edch \u010di make-up v tu\u017ece. Jste-li pozvan\u00ed na party v mask\u00e1ch, vyla\u010fte sv\u016fj p\u0159evlek do naprost\u00e9 dokonalosti. Obdiv, \u00fadiv, usm\u00edvaj\u00edc\u00ed se kolemjdouc\u00ed V\u00e1s poka\u017ed\u00e9 zah\u0159ej\u00ed u srdce.                                                                                                                                                                                                                                                                                                                                                                                                "},{"@context":"https:\/\/schema.org\/","@type":"BreadcrumbList","itemListElement":[{"@type":"ListItem","position":1,"name":"U n\u00e1s si vyberete tu nejlep\u0161\u00ed karnevalovou masku","item":"https:\/\/www.gareno.cz\/u-nas-si-vyberete-tu-nejlepsi-karnevalovou-masku\/#breadcrumbitem"}]}]