[{"@context":"https:\/\/schema.org\/","@type":"Article","@id":"https:\/\/www.gareno.cz\/tramy-s-minulosti\/#Article","mainEntityOfPage":"https:\/\/www.gareno.cz\/tramy-s-minulosti\/","headline":"Tr\u00e1my s minulost\u00ed","name":"Tr\u00e1my s minulost\u00ed","description":"Kdyby tak mohli mluvit, ur\u010dit\u011b by vypr\u00e1v\u011bli! Vypr\u00e1v\u011bli by mnohdy je\u0161t\u011b o v\u00e1le\u010dn\u00e9 dob\u011b, o normalizaci, o sametov\u00e9 revoluci! V\u0161echno si pamatuj\u00ed a je to na nich vid\u011bt! A to se n\u00e1m pr\u00e1v\u011b l\u00edb\u00ed! Star\u00e9 tr\u00e1my bez p\u0159\u00edkras, naru\u0161en\u00e9 zubem \u010dasu, p\u0159esn\u011b tak, jak jdou s\u00a0dobou! Jestli\u017ee se pot\u0159ebujete zbavit letit\u00e9ho materi\u00e1lu a va\u0161\u00ed jedinou [&hellip;]","datePublished":"2024-01-06","dateModified":"2024-01-06","author":{"@type":"Person","@id":"https:\/\/www.gareno.cz\/author\/#Person","name":"","url":"https:\/\/www.gareno.cz\/author\/","identifier":1,"image":{"@type":"ImageObject","@id":"https:\/\/secure.gravatar.com\/avatar\/65248d4269af31fa3fa693ee3fd479d0960b985d370ed586e59378332be7a3ce?s=96&d=mm&r=g","url":"https:\/\/secure.gravatar.com\/avatar\/65248d4269af31fa3fa693ee3fd479d0960b985d370ed586e59378332be7a3ce?s=96&d=mm&r=g","height":96,"width":96}},"publisher":{"@type":"Organization","name":"gareno.cz","logo":{"@type":"ImageObject","@id":"\/logo.png","url":"\/logo.png","width":600,"height":60}},"url":"https:\/\/www.gareno.cz\/tramy-s-minulosti\/","wordCount":251,"articleBody":"Kdyby tak mohli mluvit, ur\u010dit\u011b by vypr\u00e1v\u011bli! Vypr\u00e1v\u011bli by mnohdy je\u0161t\u011b o v\u00e1le\u010dn\u00e9 dob\u011b, o normalizaci, o sametov\u00e9 revoluci! V\u0161echno si pamatuj\u00ed a je to na nich vid\u011bt! A to se n\u00e1m pr\u00e1v\u011b l\u00edb\u00ed! Star\u00e9 tr\u00e1my bez p\u0159\u00edkras, naru\u0161en\u00e9 zubem \u010dasu, p\u0159esn\u011b tak, jak jdou s\u00a0dobou! Jestli\u017ee se pot\u0159ebujete zbavit letit\u00e9ho materi\u00e1lu a va\u0161\u00ed jedinou my\u0161lenkou je skl\u00e1dka, nebo pila, zadr\u017ete! Oslovte profesion\u00e1ln\u00ed firmu, kter\u00e1 se ji\u017e dlouh\u00e1 l\u00e9ta zab\u00fdv\u00e1 v\u00fdkupem nejen d\u0159ev\u011bn\u00fdch prvk\u016f, ale i cihlov\u00fdch z\u00e1le\u017eitost\u00ed! Z\u00a0va\u0161\u00ed pl\u00e1novan\u00e9 demolice se m\u016f\u017ee st\u00e1t lukrativn\u00ed prodejn\u00ed z\u00e1le\u017eitost! P\u0159ijedeme a\u017e na m\u00edsto, sami si komponenty p\u0159iprav\u00edme k\u00a0odvozu a slu\u0161n\u011b zaplat\u00edme za ka\u017ed\u00fd kus! No nen\u00ed to nab\u00eddka, kter\u00e1 se neodm\u00edt\u00e1, p\u0159\u00e1tel\u00e9? Obra\u0165te se na n\u00e1s a dejte mo\u017enost letit\u00fdm prkn\u016fm a cihl\u00e1m pokra\u010dovat v\u00a0u\u017eitku u jin\u00e9ho majitele! Dejte jim mo\u017enost znovu o\u017e\u00edt pod rukama mistr\u016f truhl\u00e1\u0159\u016f!Skute\u010dn\u011b je to takSkute\u010dn\u011b se postar\u00e1me o letit\u00e9 z\u00e1stavby do posledn\u00edho detailu! D\u0159evo, cihly, kamenn\u00e9 sloupy, to v\u0161echno m\u016f\u017ee b\u00fdt cenn\u00e9 vlastnictv\u00ed na\u0161ich p\u0159edk\u016f! To v\u0161echno m\u016f\u017ee b\u00fdt lukrativn\u00ed zbo\u017e\u00ed k\u00a0dal\u0161\u00edmu \u0159emesln\u00e9mu zpracov\u00e1n\u00ed!                                                                                                                                                                                                                                                                                                                                                                                                "},{"@context":"https:\/\/schema.org\/","@type":"BreadcrumbList","itemListElement":[{"@type":"ListItem","position":1,"name":"Tr\u00e1my s minulost\u00ed","item":"https:\/\/www.gareno.cz\/tramy-s-minulosti\/#breadcrumbitem"}]}]