[{"@context":"https:\/\/schema.org\/","@type":"Article","@id":"https:\/\/www.gareno.cz\/stane-se-euro-v-brzke-dobe-nasi-menou-aneb-jaka-je-budoucnost-ceske-koruny\/#Article","mainEntityOfPage":"https:\/\/www.gareno.cz\/stane-se-euro-v-brzke-dobe-nasi-menou-aneb-jaka-je-budoucnost-ceske-koruny\/","headline":"Stane se euro v brzk\u00e9 dob\u011b na\u0161\u00ed m\u011bnou, aneb jak\u00e1 je budoucnost \u010desk\u00e9 koruny","name":"Stane se euro v brzk\u00e9 dob\u011b na\u0161\u00ed m\u011bnou, aneb jak\u00e1 je budoucnost \u010desk\u00e9 koruny","description":"Jak sd&Auml;&#8250;luj&Atilde;&shy; ekonomov&Atilde;&copy;, v sou&Auml;asn&Atilde;&copy; dob&Auml;&#8250; na&Aring;&iexcl;e republika nespl&Aring;&#710;uje ani jedno z&Acirc;&nbsp;konvergen&Auml;n&Atilde;&shy;ch &Auml;ili maastrichtsk&Atilde;&frac12;ch krit&Atilde;&copy;ri&Atilde;&shy; pro zaveden&Atilde;&shy; evropsk&Atilde;&copy; m&Auml;&#8250;ny. Nicm&Atilde;&copy;n&Auml;&#8250; toto t&Atilde;&copy;ma otev&Aring;&#8482;el n&Atilde;&iexcl;&Aring;&iexcl; prezident p&Aring;&#8482;i novoro&Auml;n&Atilde;&shy;m projevu. Hovo&Aring;&#8482;il o tom, &Aring;&frac34;e by se euro m&Auml;&#8250;lo st&Atilde;&iexcl;t na&Aring;&iexcl;&Atilde;&shy; n&Atilde;&iexcl;rodn&Atilde;&shy; m&Auml;&#8250;nou v t&Atilde;&copy; nejkrat&Aring;&iexcl;&Atilde;&shy; mo&Aring;&frac34;n&Atilde;&copy; dob&Auml;&#8250;. O zaveden&Atilde;&shy; eura se u n&Atilde;&iexcl;s mluv&Atilde;&shy; u&Aring;&frac34; dv&Auml;&#8250; des&Atilde;&shy;tky [&hellip;]","datePublished":"2023-11-19","dateModified":"2024-01-22","author":{"@type":"Person","@id":"https:\/\/www.gareno.cz\/author\/#Person","name":"","url":"https:\/\/www.gareno.cz\/author\/","identifier":1,"image":{"@type":"ImageObject","@id":"https:\/\/secure.gravatar.com\/avatar\/65248d4269af31fa3fa693ee3fd479d0960b985d370ed586e59378332be7a3ce?s=96&d=mm&r=g","url":"https:\/\/secure.gravatar.com\/avatar\/65248d4269af31fa3fa693ee3fd479d0960b985d370ed586e59378332be7a3ce?s=96&d=mm&r=g","height":96,"width":96}},"publisher":{"@type":"Organization","name":"gareno.cz","logo":{"@type":"ImageObject","@id":"\/logo.png","url":"\/logo.png","width":600,"height":60}},"image":{"@type":"ImageObject","@id":"https:\/\/www.gareno.cz\/wp-content\/uploads\/Jednotn%C3%A1%20unijn%C3%AD%20m%C4%9Bna.jpg","url":"https:\/\/www.gareno.cz\/wp-content\/uploads\/Jednotn%C3%A1%20unijn%C3%AD%20m%C4%9Bna.jpg","height":0,"width":0},"url":"https:\/\/www.gareno.cz\/stane-se-euro-v-brzke-dobe-nasi-menou-aneb-jaka-je-budoucnost-ceske-koruny\/","about":["Ekonomika"],"wordCount":784,"articleBody":"Jak sd&Auml;&#8250;luj&Atilde;&shy; ekonomov&Atilde;&copy;, v sou&Auml;asn&Atilde;&copy; dob&Auml;&#8250; na&Aring;&iexcl;e republika nespl&Aring;&#710;uje ani jedno z&Acirc;&nbsp;konvergen&Auml;n&Atilde;&shy;ch &Auml;ili maastrichtsk&Atilde;&frac12;ch krit&Atilde;&copy;ri&Atilde;&shy; pro zaveden&Atilde;&shy; evropsk&Atilde;&copy; m&Auml;&#8250;ny. Nicm&Atilde;&copy;n&Auml;&#8250; toto t&Atilde;&copy;ma otev&Aring;&#8482;el n&Atilde;&iexcl;&Aring;&iexcl; prezident p&Aring;&#8482;i novoro&Auml;n&Atilde;&shy;m projevu. Hovo&Aring;&#8482;il o tom, &Aring;&frac34;e by se euro m&Auml;&#8250;lo st&Atilde;&iexcl;t na&Aring;&iexcl;&Atilde;&shy; n&Atilde;&iexcl;rodn&Atilde;&shy; m&Auml;&#8250;nou v t&Atilde;&copy; nejkrat&Aring;&iexcl;&Atilde;&shy; mo&Aring;&frac34;n&Atilde;&copy; dob&Auml;&#8250;.O zaveden&Atilde;&shy; eura se u n&Atilde;&iexcl;s mluv&Atilde;&shy; u&Aring;&frac34; dv&Auml;&#8250; des&Atilde;&shy;tky let. A mezi vlivn&Atilde;&frac12;mi politiky i ekonomy jsou jak p&Aring;&#8482;&Atilde;&shy;znivci tohoto kroku, tak i jeho odp&Aring;&macr;rci. A nejen mezi nimi &acirc;&#8364;&#8220; stejn&Auml;&#8250; tak se rozd&Auml;&#8250;luje cel&Atilde;&frac12; n&Atilde;&iexcl;rod. Op&Auml;&#8250;t jedna ze z&Atilde;&iexcl;sadn&Atilde;&shy;ch ot&Atilde;&iexcl;zek, jej&Atilde;&shy;&Aring;&frac34; &Aring;&#8482;e&Aring;&iexcl;en&Atilde;&shy; &Auml;&#338;echy rozd&Auml;&#8250;luje. Ve stejnou dobu takovou vlnu nevole mezi obyvateli zvedl nov&Atilde;&frac12; z&Atilde;&iexcl;kon o zv&Atilde;&frac12;&Aring;&iexcl;en&Atilde;&shy; rodi&Auml;ovsk&Atilde;&copy;ho p&Aring;&#8482;&Atilde;&shy;sp&Auml;&#8250;vku. Ov&Aring;&iexcl;em jen pro n&Auml;&#8250;koho! Ale zp&Auml;&#8250;t k euru.Od nov&Atilde;&copy;ho roku je tedy budoucnost &Auml;esk&Atilde;&copy; koruny jedn&Atilde;&shy;m z&Acirc;&nbsp;hlavn&Atilde;&shy;ch t&Atilde;&copy;mat jak lidu, tak vl&Atilde;&iexcl;dy. Ka&Aring;&frac34;d&Atilde;&frac12; den v&Aring;&iexcl;ak sly&Aring;&iexcl;&Atilde;&shy;me z&Acirc;&nbsp;m&Atilde;&copy;di&Atilde;&shy; protikladn&Atilde;&copy; odpov&Auml;&#8250;di &acirc;&#8364;&#8220; euro bude versus euro nebude; euro je nezbytn&Atilde;&copy; versus euro n&Atilde;&iexcl;s zni&Auml;&Atilde;&shy;. Ve&Aring;&#8482;ejnost si tedy klade mnoho ot&Atilde;&iexcl;zek, vych&Atilde;&iexcl;zej&Atilde;&shy;c&Atilde;&shy;ch z&Acirc;&nbsp;jej&Atilde;&shy;ho b&Auml;&#8250;&Aring;&frac34;n&Atilde;&copy;ho &Aring;&frac34;ivota, a nezn&Atilde;&iexcl; na n&Auml;&#8250; odpov&Auml;&#8250;di: jak bude zaveden&Atilde;&shy; eura prob&Atilde;&shy;hat; jak&Atilde;&copy; budou potom ceny; jak se zm&Auml;&#8250;n&Atilde;&shy; &Atilde;&ordm;spory a jak&Atilde;&frac12; bude stanoven kurz p&Aring;&#8482;i p&Aring;&#8482;evodu jedn&Atilde;&copy; m&Auml;&#8250;ny na druhou; jak to bude s&Acirc;&nbsp;hypot&Atilde;&copy;kami, kter&Atilde;&copy; m&Atilde;&iexcl;me v&Acirc;&nbsp;korun&Atilde;&iexcl;ch a spl&Atilde;&iexcl;cet je budeme v&Acirc;&nbsp;eurech; jak&Atilde;&copy; budou platy a jak&Atilde;&copy; d&Aring;&macr;chody? Podle odborn&Atilde;&shy;k&Aring;&macr; a kurz&Aring;&macr; devizov&Atilde;&copy;ho trhu je patrn&Atilde;&copy;, &Aring;&frac34;e od ledna si na&Aring;&iexcl;e m&Auml;&#8250;na &acirc;&#8364;&#8220; ve srovn&Atilde;&iexcl;n&Atilde;&shy; s&Acirc;&nbsp;eurem &acirc;&#8364;&#8220; p&Aring;&#8482;&Atilde;&shy;li&Aring;&iexcl; dob&Aring;&#8482;e nevede. V&Acirc;&nbsp;posledn&Atilde;&shy;ch dnech se projevilo oslabov&Atilde;&iexcl;n&Atilde;&shy; &acirc;&#8364;&#8220; aktu&Atilde;&iexcl;ln&Atilde;&shy; kurz byl 24,65 K&Auml; za jedno euro. A proto&Aring;&frac34;e kles&Atilde;&iexcl; objem tuzemsk&Atilde;&copy; v&Atilde;&frac12;roby, o&Auml;ek&Atilde;&iexcl;v&Atilde;&iexcl; se i mo&Aring;&frac34;nost, &Aring;&frac34;e kurz dos&Atilde;&iexcl;hne 25 K&Auml;\/1 euro. Tak&Aring;&frac34;e se mo&Aring;&frac34;n&Atilde;&iexcl; do&Auml;k&Atilde;&iexcl;me i nov&Atilde;&copy;ho oslabov&Atilde;&iexcl;n&Atilde;&shy; koruny.Jedn&Atilde;&shy;m z&Acirc;&nbsp;nejv&Auml;&#8250;t&Aring;&iexcl;&Atilde;&shy;ch odp&Aring;&macr;rc&Aring;&macr; zaveden&Atilde;&shy; jednotn&Atilde;&copy; unijn&Atilde;&shy; m&Auml;&#8250;ny je b&Atilde;&frac12;val&Atilde;&frac12; prezident V&Atilde;&iexcl;clav Klaus, kter&Atilde;&frac12; dokonce ozna&Auml;il &Atilde;&ordm;&Aring;&#8482;aduj&Atilde;&shy;c&Atilde;&shy;ho prezidenta Petra Pavla za laika. Podle Klause by bylo p&Aring;&#8482;ijet&Atilde;&shy; eura jak pro &Auml;eskou spole&Auml;nost, tak i pro ekonomiku fat&Atilde;&iexcl;ln&Atilde;&shy; z&Atilde;&iexcl;le&Aring;&frac34;itost&Atilde;&shy;.                                                                                                                                                                                                                                                                                                                                                                                                "},{"@context":"https:\/\/schema.org\/","@type":"BreadcrumbList","itemListElement":[{"@type":"ListItem","position":1,"name":"Stane se euro v brzk\u00e9 dob\u011b na\u0161\u00ed m\u011bnou, aneb jak\u00e1 je budoucnost \u010desk\u00e9 koruny","item":"https:\/\/www.gareno.cz\/stane-se-euro-v-brzke-dobe-nasi-menou-aneb-jaka-je-budoucnost-ceske-koruny\/#breadcrumbitem"}]}]