[{"@context":"https:\/\/schema.org\/","@type":"Article","@id":"https:\/\/www.gareno.cz\/stale-stejne-lakavy-pobyt-u-more\/#Article","mainEntityOfPage":"https:\/\/www.gareno.cz\/stale-stejne-lakavy-pobyt-u-more\/","headline":"St\u00e1le stejn\u011b l\u00e1kav\u00fd pobyt u mo\u0159e","name":"St\u00e1le stejn\u011b l\u00e1kav\u00fd pobyt u mo\u0159e","description":"Chorvatsko dovolen\u00e1 je st\u00e1le l\u00e1kav\u00e1 pro nejednoho \u010cecha. Lid\u00e9 tuto zemi maj\u00ed r\u00e1di a \u010dasto a r\u00e1di se sem vracej\u00ed. Probl\u00e9m \u010dasto nast\u00e1v\u00e1 ve chv\u00edli, kdy cestovn\u00ed kancel\u00e1\u0159e za\u010dnou pobyty nab\u00edzet, proto\u017ee i zde u\u017e nevych\u00e1zej\u00ed zrovna p\u0159\u00edzniv\u011b, nicm\u00e9n\u011b u\u0161et\u0159it m\u016f\u017eete, ale to jen v p\u0159\u00edpad\u011b, \u017ee v\u00edte, jak na to. N\u011bkdy sta\u010d\u00ed vyu\u017e\u00edt speci\u00e1ln\u00ed [&hellip;]","datePublished":"2025-04-28","dateModified":"2025-04-28","author":{"@type":"Person","@id":"https:\/\/www.gareno.cz\/author\/#Person","name":"","url":"https:\/\/www.gareno.cz\/author\/","identifier":1,"image":{"@type":"ImageObject","@id":"https:\/\/secure.gravatar.com\/avatar\/65248d4269af31fa3fa693ee3fd479d0960b985d370ed586e59378332be7a3ce?s=96&d=mm&r=g","url":"https:\/\/secure.gravatar.com\/avatar\/65248d4269af31fa3fa693ee3fd479d0960b985d370ed586e59378332be7a3ce?s=96&d=mm&r=g","height":96,"width":96}},"publisher":{"@type":"Organization","name":"gareno.cz","logo":{"@type":"ImageObject","@id":"\/logo.png","url":"\/logo.png","width":600,"height":60}},"url":"https:\/\/www.gareno.cz\/stale-stejne-lakavy-pobyt-u-more\/","wordCount":218,"articleBody":"Chorvatsko dovolen\u00e1 je st\u00e1le l\u00e1kav\u00e1 pro nejednoho \u010cecha. Lid\u00e9 tuto zemi maj\u00ed r\u00e1di a \u010dasto a r\u00e1di se sem vracej\u00ed. Probl\u00e9m \u010dasto nast\u00e1v\u00e1 ve chv\u00edli, kdy cestovn\u00ed kancel\u00e1\u0159e za\u010dnou pobyty nab\u00edzet, proto\u017ee i zde u\u017e nevych\u00e1zej\u00ed zrovna p\u0159\u00edzniv\u011b, nicm\u00e9n\u011b u\u0161et\u0159it m\u016f\u017eete, ale to jen v p\u0159\u00edpad\u011b, \u017ee v\u00edte, jak na to. N\u011bkdy sta\u010d\u00ed vyu\u017e\u00edt speci\u00e1ln\u00ed slevy, jindy v\u00e1m pom\u016f\u017ee, pokud se dohodnete p\u0159\u00edmo s majitelem a pokud jste to je\u0161t\u011b nevyzkou\u0161eli, je na \u010dase, abyste se o t\u00e9to nab\u00eddce informovali. Pobyt se v\u00e1m vyplat\u00ed Nav\u0161tivte specializovan\u00e9 internetov\u00e9 str\u00e1nky a vyb\u00edrejte ubytov\u00e1n\u00ed z cel\u00e9ho Chorvatska. Li\u0161it se budou ceny, vybaven\u00ed i dispozice, je na v\u00e1s, co bude t\u00edm, co preferujete. Jakmile najdete, co hled\u00e1te, je zde kontaktn\u00ed formul\u00e1\u0159 p\u0159\u00edmo pro osloven\u00ed majitele vily nebo apartm\u00e1nu a u n\u011bj \u010din\u00edte objedn\u00e1vku, p\u0159\u00edpadn\u011b vy\u0159izujete jin\u00e9 v\u011bci souvisej\u00edc\u00ed s pobytem. Komunikace je mo\u017en\u00e1 v n\u011bkolika jazyc\u00edch, tak\u017ee vzhledem k dne\u0161n\u00ed pokro\u010dil\u00e9 dob\u011b, to ur\u010dit\u011b zvl\u00e1dnete a d\u00edky tomu za sv\u016fj pobyt u\u0161et\u0159\u00edte.                                                                                                                                                                                                                                                                                                                                                                                                 "},{"@context":"https:\/\/schema.org\/","@type":"BreadcrumbList","itemListElement":[{"@type":"ListItem","position":1,"name":"St\u00e1le stejn\u011b l\u00e1kav\u00fd pobyt u mo\u0159e","item":"https:\/\/www.gareno.cz\/stale-stejne-lakavy-pobyt-u-more\/#breadcrumbitem"}]}]