[{"@context":"https:\/\/schema.org\/","@type":"Article","@id":"https:\/\/www.gareno.cz\/splnte-si-svuj-sen\/#Article","mainEntityOfPage":"https:\/\/www.gareno.cz\/splnte-si-svuj-sen\/","headline":"Spl\u0148te si sv\u016fj sen","name":"Spl\u0148te si sv\u016fj sen","description":"U\u017e jako mal\u00e9 d\u011bti jste milovali zmrzlinu? Te\u010f, kdy\u017e u\u017e jste dosp\u011bl\u00ed, tak m\u016f\u017eete ostatn\u00edm d\u011btem d\u011blat radost a m\u016f\u017eete jim tuto skv\u011blou dobrotu prod\u00e1vat. Objednejte si zmrzlinov\u00fd st\u00e1nek. Nav\u0161tivte na\u0161e internetov\u00e9 str\u00e1nky a pod\u00edvejte se do na\u0161eho katalogu, co V\u00e1m v\u0161echno nab\u00edz\u00edme. Krom\u011b samotn\u00e9ho st\u00e1nku V\u00e1m pom\u016f\u017eeme s instalac\u00ed a nalep\u00edme V\u00e1m polep dle [&hellip;]","datePublished":"2023-08-13","dateModified":"2023-08-13","author":{"@type":"Person","@id":"https:\/\/www.gareno.cz\/author\/#Person","name":"","url":"https:\/\/www.gareno.cz\/author\/","identifier":1,"image":{"@type":"ImageObject","@id":"https:\/\/secure.gravatar.com\/avatar\/65248d4269af31fa3fa693ee3fd479d0960b985d370ed586e59378332be7a3ce?s=96&d=mm&r=g","url":"https:\/\/secure.gravatar.com\/avatar\/65248d4269af31fa3fa693ee3fd479d0960b985d370ed586e59378332be7a3ce?s=96&d=mm&r=g","height":96,"width":96}},"publisher":{"@type":"Organization","name":"gareno.cz","logo":{"@type":"ImageObject","@id":"\/logo.png","url":"\/logo.png","width":600,"height":60}},"url":"https:\/\/www.gareno.cz\/splnte-si-svuj-sen\/","wordCount":278,"articleBody":"U\u017e jako mal\u00e9 d\u011bti jste milovali zmrzlinu? Te\u010f, kdy\u017e u\u017e jste dosp\u011bl\u00ed, tak m\u016f\u017eete ostatn\u00edm d\u011btem d\u011blat radost a m\u016f\u017eete jim tuto skv\u011blou dobrotu prod\u00e1vat. Objednejte si zmrzlinov\u00fd st\u00e1nek. Nav\u0161tivte na\u0161e internetov\u00e9 str\u00e1nky a pod\u00edvejte se do na\u0161eho katalogu, co V\u00e1m v\u0161echno nab\u00edz\u00edme. Krom\u011b samotn\u00e9ho st\u00e1nku V\u00e1m pom\u016f\u017eeme s instalac\u00ed a nalep\u00edme V\u00e1m polep dle Va\u0161eho p\u0159\u00e1n\u00ed. D\u00edky nerezov\u00e9mu proveden\u00ed se nemus\u00edte b\u00e1t, \u017ee by n\u011bco bylo nehygienick\u00e9. Nemus\u00edte se o nic starat. V\u0161echno za V\u00e1s za\u0159\u00edd\u00edme. D\u00edky sv\u00e9 lehk\u00e9 konstrukci se vleze na voz\u00edk za osobn\u00ed automobil, tak\u017ee se nemus\u00edte ob\u00e1vat, \u017ee by s n\u00edm ne\u0161lo manipulovat.P\u0159ijateln\u00e9 cenyU n\u00e1s si m\u016f\u017eete b\u00fdt jisti, \u017ee u n\u00e1s naleznete pouze kvalitn\u00ed zbo\u017e\u00ed a z\u00e1rove\u0148 V\u00e1m nab\u00edz\u00edme p\u0159ijateln\u00e9, v\u00fdhodn\u00e9 ceny. U n\u00e1s m\u00e1te z\u00e1ruku kvality. D\u00edky tepeln\u011b izolovan\u00fdm st\u011bn\u00e1m bude m\u00edt obsluha uvnit\u0159 skv\u011bl\u00e9 podm\u00ednky pro pr\u00e1ci. Nev\u00e1hejte a objednejte si u n\u00e1s. Sna\u017e\u00edme se, aby si u n\u00e1s vybral i ten nen\u00e1ro\u010dn\u011bj\u0161\u00ed z\u00e1kazn\u00edk, tak\u017ee se r\u00e1di p\u0159izp\u016fsob\u00edme Va\u0161\u00edm po\u017eadavk\u016fm. Abyste nemuseli dlouho \u010dekat, tak na sklad\u011b m\u00e1me po\u0159\u00e1d minim\u00e1ln\u011b dva kusy, tak\u017ee se p\u0159ije\u010fte p\u0159esv\u011bd\u010dit na vlastn\u00ed o\u010di. Rozhodn\u011b se V\u00e1m to vyplat\u00ed.                                                                                                                                                                                                                                                                                                                                                                                                "},{"@context":"https:\/\/schema.org\/","@type":"BreadcrumbList","itemListElement":[{"@type":"ListItem","position":1,"name":"Spl\u0148te si sv\u016fj sen","item":"https:\/\/www.gareno.cz\/splnte-si-svuj-sen\/#breadcrumbitem"}]}]