[{"@context":"https:\/\/schema.org\/","@type":"Article","@id":"https:\/\/www.gareno.cz\/s-uklidem-vam-muzeme-pomoct\/#Article","mainEntityOfPage":"https:\/\/www.gareno.cz\/s-uklidem-vam-muzeme-pomoct\/","headline":"S \u00faklidem v\u00e1m m\u016f\u017eeme pomoct","name":"S \u00faklidem v\u00e1m m\u016f\u017eeme pomoct","description":"Kdo by necht\u011bl m\u00edt doma kr\u00e1sn\u011b uklizeno a hlavn\u011b \u010disto? Tou\u017e\u00ed po tom ka\u017ed\u00fd, i ten, kdo doma moment\u00e1ln\u011b uklizeno nem\u00e1. \u00daklid je dobr\u00e9 prov\u00e1d\u011bt pravideln\u011b, proto\u017ee d\u00edky tomu nebudete muset potom najednou ukl\u00edzet celou dom\u00e1cnost. D\u00edky rozd\u011blen\u00e9mu \u00faklidu budete m\u00edt ka\u017ed\u00fd den uklizeno n\u011bco, a i kdy\u017e neuklid\u00edte v\u0161echno najednou, bude to u v\u00e1s [&hellip;]","datePublished":"2023-04-24","dateModified":"2023-05-31","author":{"@type":"Person","@id":"https:\/\/www.gareno.cz\/author\/#Person","name":"","url":"https:\/\/www.gareno.cz\/author\/","identifier":1,"image":{"@type":"ImageObject","@id":"https:\/\/secure.gravatar.com\/avatar\/65248d4269af31fa3fa693ee3fd479d0960b985d370ed586e59378332be7a3ce?s=96&d=mm&r=g","url":"https:\/\/secure.gravatar.com\/avatar\/65248d4269af31fa3fa693ee3fd479d0960b985d370ed586e59378332be7a3ce?s=96&d=mm&r=g","height":96,"width":96}},"publisher":{"@type":"Organization","name":"gareno.cz","logo":{"@type":"ImageObject","@id":"\/logo.png","url":"\/logo.png","width":600,"height":60}},"image":{"@type":"ImageObject","@id":"https:\/\/www.gareno.cz\/wp-content\/uploads\/clean-571679_640_10_2.jpg","url":"https:\/\/www.gareno.cz\/wp-content\/uploads\/clean-571679_640_10_2.jpg","height":0,"width":0},"url":"https:\/\/www.gareno.cz\/s-uklidem-vam-muzeme-pomoct\/","about":["Spole\u010dnosti"],"wordCount":403,"articleBody":"   Kdo by necht\u011bl m\u00edt doma kr\u00e1sn\u011b uklizeno a hlavn\u011b \u010disto? Tou\u017e\u00ed po tom ka\u017ed\u00fd, i ten, kdo doma moment\u00e1ln\u011b uklizeno nem\u00e1. \u00daklid je dobr\u00e9 prov\u00e1d\u011bt pravideln\u011b, proto\u017ee d\u00edky tomu nebudete muset potom najednou ukl\u00edzet celou dom\u00e1cnost. D\u00edky rozd\u011blen\u00e9mu \u00faklidu budete m\u00edt ka\u017ed\u00fd den uklizeno n\u011bco, a i kdy\u017e neuklid\u00edte v\u0161echno najednou, bude to u v\u00e1s doma vypadat mnohem l\u00edp, ne\u017e kdy\u017e v\u0161echno nech\u00e1te na jeden den. Nepo\u0159\u00e1dek se v\u00e1m jinak bude kupit a v\u00e1m se nakonec do t\u00fddenn\u00edho \u00faklidu nejsp\u00ed\u0161 v\u016fbec nebude cht\u00edt pou\u0161t\u011bt.Nesn\u00e1\u0161\u00edte myt\u00ed n\u00e1dob\u00ed a nebo nezvl\u00e1d\u00e1te velk\u00fd \u00faklid? V ka\u017ed\u00e9m p\u0159\u00edpad\u011b si m\u016f\u017eete nechat uklidit firmou. Zavolat si na \u00faklid \u00faklidovou firmu je dnes zcela b\u011b\u017en\u00e9 a tyto slu\u017eby u\u017e d\u00e1vno nevyu\u017e\u00edvaj\u00ed jen bohat\u0161\u00ed lid\u00e9 a nebo klienti z \u0159ad firem. Dnes je velk\u00e1 konkurence a tak je t\u011b\u017ek\u00e9 v n\u00ed obst\u00e1t. Z toho d\u016fvodu je pot\u0159eba m\u00edt ceny dostupn\u00e9 pro \u0161ir\u0161\u00ed okruh z\u00e1jemc\u016f. To je jeden z d\u016fvod\u016f, pro\u010d si mohou profesion\u00e1ln\u00ed \u00faklidov\u00e9 slu\u017eby dovolit v\u0161ichni. Nemus\u00edte si nechat ukl\u00edzet pravideln\u011b, m\u016f\u017eete vyu\u017e\u00edt nap\u0159\u00edklad jen myt\u00ed oken \u010di velk\u00fd \u00faklid jednou za \u010das.D\u00edky pravideln\u00e9mu \u00faklidu budete m\u00edt doma uklizeno, i kdy\u017e na to nem\u00e1te \u010das. V ukl\u00edzec\u00edch firm\u00e1ch pracuj\u00ed lid\u00e9, kte\u0159\u00ed dbaj\u00ed na pou\u017e\u00edv\u00e1n\u00ed adekv\u00e1tn\u00edho mno\u017estv\u00ed \u010distic\u00edch prost\u0159edk\u016f. To je d\u016fle\u017eit\u00e9 z hlediska nepo\u0161kozen\u00ed va\u0161eho majetku, jeliko\u017e n\u011bkter\u00e1 \u010distidla jsou pom\u011brn\u011b agresivn\u00ed. V cen\u00e1ch je v\u011bt\u0161inou zahrnuto pou\u017e\u00edv\u00e1n\u00ed \u00faklidov\u00fdch pom\u016fcek a \u010distic\u00edch prost\u0159edk\u016f. P\u0159em\u00fd\u0161l\u00edte nad t\u00edm \u017ee si na pomoc s \u00faklidem zavol\u00e1te \u00faklidovou slu\u017ebu? \u00daklid Pardubice je tu pro v\u0161echny, kte\u0159\u00ed pot\u0159ebuj\u00ed pomoct. Krom\u011b klasick\u00e9ho \u00faklidu je samoz\u0159ejmost\u00ed prov\u00e1d\u011bn\u00ed strojn\u00edho \u010di\u0161t\u011bn\u00ed, slu\u017eby hodinov\u00e9ho man\u017eela nebo \u00fadr\u017eba budov. O sv\u016fj majetek tak m\u016f\u017eete pe\u010dovat komplexn\u011b prost\u0159ednictv\u00edm jedn\u00e9 spole\u010dnosti, co\u017e ocen\u00edte zejm\u00e9na d\u00edky v\u011bt\u0161\u00ed p\u0159ehlednosti a lep\u0161\u00edm cen\u00e1m.                                                                                                                                                                                                                                                                                                                                                                                                  "},{"@context":"https:\/\/schema.org\/","@type":"BreadcrumbList","itemListElement":[{"@type":"ListItem","position":1,"name":"S \u00faklidem v\u00e1m m\u016f\u017eeme pomoct","item":"https:\/\/www.gareno.cz\/s-uklidem-vam-muzeme-pomoct\/#breadcrumbitem"}]}]