[{"@context":"https:\/\/schema.org\/","@type":"Article","@id":"https:\/\/www.gareno.cz\/oblibena-zvirata\/#Article","mainEntityOfPage":"https:\/\/www.gareno.cz\/oblibena-zvirata\/","headline":"Obl\u00edben\u00e1 zv\u00ed\u0159ata","name":"Obl\u00edben\u00e1 zv\u00ed\u0159ata","description":"V\u017edycky jsem cht\u011bla m\u00edt doma n\u011bjak\u00e9 zv\u00ed\u0159e. Jenom\u017ee kdy\u017e jsem se s t\u00edm sv\u011b\u0159ila sv\u00fdm rodi\u010d\u016fm, tak jenom\u00a0Kroutili\u00a0hlavou. Nech\u00e1pala jsem, pro\u010d zrovna j\u00e1 bych nemohla m\u00edt doma n\u011bjak\u00e9 zv\u00ed\u0159e, kdy\u017e ho maj\u00ed v okol\u00ed v\u0161ichni. A moje kamar\u00e1dka dokonce m\u011bla dva psy a ko\u010dky a tak\u00e9 kr\u00e1sn\u00e9ho a roztomil\u00e9ho zakrsl\u00e9ho mal\u00e9ho kr\u00e1l\u00edka. Kdy\u017e jsem potom [&hellip;]","datePublished":"2022-11-18","dateModified":"2023-04-25","author":{"@type":"Person","@id":"https:\/\/www.gareno.cz\/author\/#Person","name":"","url":"https:\/\/www.gareno.cz\/author\/","identifier":1,"image":{"@type":"ImageObject","@id":"https:\/\/secure.gravatar.com\/avatar\/65248d4269af31fa3fa693ee3fd479d0960b985d370ed586e59378332be7a3ce?s=96&d=mm&r=g","url":"https:\/\/secure.gravatar.com\/avatar\/65248d4269af31fa3fa693ee3fd479d0960b985d370ed586e59378332be7a3ce?s=96&d=mm&r=g","height":96,"width":96}},"publisher":{"@type":"Organization","name":"gareno.cz","logo":{"@type":"ImageObject","@id":"\/logo.png","url":"\/logo.png","width":600,"height":60}},"image":{"@type":"ImageObject","@id":"https:\/\/www.gareno.cz\/wp-content\/uploads\/bird-1045954_960_720_4.jpg","url":"https:\/\/www.gareno.cz\/wp-content\/uploads\/bird-1045954_960_720_4.jpg","height":0,"width":0},"url":"https:\/\/www.gareno.cz\/oblibena-zvirata\/","about":["Zv\u00ed\u0159ata"],"wordCount":436,"articleBody":"V\u017edycky jsem cht\u011bla m\u00edt doma n\u011bjak\u00e9 zv\u00ed\u0159e. Jenom\u017ee kdy\u017e jsem se s t\u00edm sv\u011b\u0159ila sv\u00fdm rodi\u010d\u016fm, tak jenom\u00a0Kroutili\u00a0hlavou. Nech\u00e1pala jsem, pro\u010d zrovna j\u00e1 bych nemohla m\u00edt doma n\u011bjak\u00e9 zv\u00ed\u0159e, kdy\u017e ho maj\u00ed v okol\u00ed v\u0161ichni. A moje kamar\u00e1dka dokonce m\u011bla dva psy a ko\u010dky a tak\u00e9 kr\u00e1sn\u00e9ho a roztomil\u00e9ho zakrsl\u00e9ho mal\u00e9ho kr\u00e1l\u00edka. Kdy\u017e jsem potom sv\u00e9 mamince \u0159ekla, \u017ee bych cht\u011bla alespo\u0148 ko\u010dku nebo zakrsl\u00e9ho kr\u00e1l\u00edka, tak jenom st\u00e1le dokola kroutili hlavou a \u0159ekli mi, \u017ee \u017e\u00e1dn\u00e9 zv\u00ed\u0159e by doma v\u016fbec necht\u011bli. Opravdu v\u016fbec nech\u00e1pu, pro\u010d tohle \u0159\u00edkali, proto\u017ee mi moje m\u00e1ma kdysi \u0159\u00edkala a tak\u00e9 mi mi ukazovala fotky, \u017ee kdy\u017e byla mal\u00e1, tak \u017eili na statku a m\u011bli tolik zv\u00ed\u0159at, \u017ee pr\u00fd by je ani ne spo\u010d\u00edtala na prstech dvou rukou. Tak\u017ee jsem si \u0159ekla, \u017ee moje m\u00e1ma nechce asi \u017e\u00e1dn\u00e9 zv\u00ed\u0159e kv\u016fli tomu, \u017ee u\u017e je t\u011bch zv\u00ed\u0159at asi p\u0159esycen\u00e1 a v\u00ed, \u017ee p\u00e9\u010de o zv\u00ed\u0159e je opravdu slo\u017eit\u00e1. Jenom\u017ee mi \u0159ekn\u011bte, \u017ee je opravdu velik\u00fd rozd\u00edl, kdy\u017e se t\u0159eba star\u00e1te jenom o jednoho kr\u00e1l\u00edka ne\u017e t\u0159eba o\u00a0pades\u00e1t\u00a0kr\u00e1l\u00edk\u016f a\u00a0pades\u00e1t slepic. Tohle pravdu velik\u00fd rozd\u00edl, jenom\u017ee moje m\u00e1ma mi \u0159ekla, \u017ee se boj\u00ed, \u017ee se potom o toho zakrsl\u00e9ho kr\u00e1l\u00edka nebudu v\u016fbec starat a potom v\u0161echna p\u00e9\u010de\u00a0zbude\u00a0na mou m\u00e1mu a tak\u00e9 na\u00a0otce. Ch\u00e1pu jejich\u00a0obavy,\u00a0ale\u00a0zn\u00e1te\u00a0to sami.\u00a0 Jenom\u017ee j\u00e1 jsem m\u00e1m\u011b st\u00e1le p\u0159\u00edsahala, \u017ee se o kr\u00e1l\u00edka budu starat sama, proto\u017ee si ho p\u0159eji a cht\u011bla bych ho. Nakonec to dopadlo tak, \u017ee mi na\u0161i po\u0159\u00eddili dva mal\u00e9 k\u0159e\u010dky. Alespo\u0148 takhle jsem byla spokojen\u00e1. J\u00e1 sice ch\u00e1pu, \u017ee mi rodi\u010de cht\u011bli ud\u011blat\u00a0velikou\u00a0radost,\u00a0ale\u00a0na druhou stranu zase nech\u00e1pu, pro\u010d mi\u00a0po\u0159izovali\u00a0dva\u00a0mal\u00e9\u00a0k\u0159e\u010dky, kdy\u017e mi mohli po\u0159\u00eddit\u00a0jednoho\u00a0mal\u00e9ho kr\u00e1l\u00edka? Co to m\u011blo za smysl? Ale kdy\u017e jsme potom byla v pubert\u011b, stejn\u011b jsme si prosadila svou a dom\u016f si p\u0159ivezla kr\u00e1l\u00edka. V\u011b\u0159te\u00a0mi, \u017ee s kr\u00e1l\u00edkem je v\u00e1\u017en\u011b velk\u00e1 z\u00e1bava. A kdo by mazliv\u00e9 kr\u00e1l\u00edky nem\u011bl r\u00e1d?\u00a0                                                                                                                                                                                                                                                                                                                                                                                                "},{"@context":"https:\/\/schema.org\/","@type":"BreadcrumbList","itemListElement":[{"@type":"ListItem","position":1,"name":"Obl\u00edben\u00e1 zv\u00ed\u0159ata","item":"https:\/\/www.gareno.cz\/oblibena-zvirata\/#breadcrumbitem"}]}]