[{"@context":"https:\/\/schema.org\/","@type":"Article","@id":"https:\/\/www.gareno.cz\/ne-vsechno-elektro-se-vyplati-mit-doma\/#Article","mainEntityOfPage":"https:\/\/www.gareno.cz\/ne-vsechno-elektro-se-vyplati-mit-doma\/","headline":"Ne v\u0161echno elektro se vyplat\u00ed m\u00edt doma","name":"Ne v\u0161echno elektro se vyplat\u00ed m\u00edt doma","description":"Mysl\u00edte si, \u017ee se vyplat\u00ed, kdy\u017e m\u00e1 \u010dlov\u011bk chytrou dom\u00e1cnost, kde je nav\u00edc v\u0161e elektro? Najdou se lid\u00e9, kte\u0159\u00ed v\u00e1m \u0159eknou, \u017ee jsou r\u00e1di na to, \u017ee nemaj\u00ed v\u0161echno elektro, proto\u017ee by jim to v\u016fbec nevyhovovalo. Za elektrick\u00e9 spot\u0159ebi\u010de se d\u00e1 dnes pova\u017eovat mnoho v\u011bc\u00ed a v\u011b\u0159te, \u017ee se najdou lid\u00e9, kte\u0159\u00ed opravdu doma nepot\u0159ebuj\u00ed [&hellip;]","datePublished":"2023-02-12","dateModified":"2023-04-25","author":{"@type":"Person","@id":"https:\/\/www.gareno.cz\/author\/#Person","name":"","url":"https:\/\/www.gareno.cz\/author\/","identifier":1,"image":{"@type":"ImageObject","@id":"https:\/\/secure.gravatar.com\/avatar\/65248d4269af31fa3fa693ee3fd479d0960b985d370ed586e59378332be7a3ce?s=96&d=mm&r=g","url":"https:\/\/secure.gravatar.com\/avatar\/65248d4269af31fa3fa693ee3fd479d0960b985d370ed586e59378332be7a3ce?s=96&d=mm&r=g","height":96,"width":96}},"publisher":{"@type":"Organization","name":"gareno.cz","logo":{"@type":"ImageObject","@id":"\/logo.png","url":"\/logo.png","width":600,"height":60}},"image":{"@type":"ImageObject","@id":"https:\/\/www.gareno.cz\/wp-content\/uploads\/pra_4.JPG","url":"https:\/\/www.gareno.cz\/wp-content\/uploads\/pra_4.JPG","height":0,"width":0},"url":"https:\/\/www.gareno.cz\/ne-vsechno-elektro-se-vyplati-mit-doma\/","about":["Elektro"],"wordCount":429,"articleBody":"Mysl\u00edte si, \u017ee se vyplat\u00ed, kdy\u017e m\u00e1 \u010dlov\u011bk chytrou dom\u00e1cnost, kde je nav\u00edc v\u0161e elektro? Najdou se lid\u00e9, kte\u0159\u00ed v\u00e1m \u0159eknou, \u017ee jsou r\u00e1di na to, \u017ee nemaj\u00ed v\u0161echno elektro, proto\u017ee by jim to v\u016fbec nevyhovovalo. Za elektrick\u00e9 spot\u0159ebi\u010de se d\u00e1 dnes pova\u017eovat mnoho v\u011bc\u00ed a v\u011b\u0159te, \u017ee se najdou lid\u00e9, kte\u0159\u00ed opravdu doma nepot\u0159ebuj\u00ed k\u00e1vovar, su\u0161i\u010dku na ovoce nebo t\u0159eba dom\u00e1c\u00ed pek\u00e1rnu. Najdou se lid\u00e9, kte\u0159\u00ed maj\u00ed i mnohem v\u00edce, ale mnohdy je to o tom, \u017ee dan\u00e9 v\u011bci stejn\u011b nevyu\u017e\u00edvaj\u00ed.\u010clov\u011bk by m\u011bl m\u00edt doma hlavn\u011b to, co vyu\u017e\u00edv\u00e1. Jestli\u017ee jsou v\u011bci, kter\u00e9 nevyu\u017e\u00edv\u00e1te a ani je vyu\u017e\u00edvat nebudete, m\u016f\u017eete pop\u0159em\u00fd\u0161let, jestli byste je n\u011bkomu nedarovali, proto\u017ee by to mohlo pomoci jak v\u00e1m, tak i dan\u00e9mu \u010dlov\u011bku. Jsou lid\u00e9, kte\u0159\u00ed si pot\u0159ebuj\u00ed ud\u011blat m\u00edsto v dom\u00e1cnosti na v\u011bci jin\u00e9 a pr\u00e1v\u011b t\u011bmto lidem by mohlo pomoci, pokud by n\u011bco, co u\u017e nevyu\u017e\u00edvaj\u00ed, n\u011bkomu darovali. Je mnoho lid\u00ed, kte\u0159\u00ed budou m\u00edt velkou radost, pokud jim n\u011bjak\u00fd ten elektrick\u00fd spot\u0159ebi\u010d, jako je nap\u0159\u00edklad su\u0161i\u010dka na ovoce, darujete.Je ur\u010dit\u011b dobr\u00e9 pop\u0159em\u00fd\u0161let nad t\u00edm, jestli n\u00e1hodou v dom\u00e1cnosti nem\u00e1te n\u011bco, co nevyu\u017e\u00edv\u00e1te. Najde se spousta lid\u00ed, kte\u0159\u00ed budou za n\u011bco, co pro n\u011b bude u\u017eite\u010dn\u00e9, r\u00e1di. Ka\u017ed\u00fd \u010dlov\u011bk by m\u011bl zv\u00e1\u017eit, jak\u00e9 v\u011bci m\u00e1 doma a jak\u00e9 naopak doma nem\u00e1, proto\u017ee jeden nikdy nev\u00ed, kdy p\u0159ijde na n\u011bco, co by do dom\u00e1cnosti vlastn\u011b nebylo v\u016fbec \u0161patn\u00e9.Je dobr\u00e9 myslet na to, \u017ee ne v\u0161echno elektro \u010dlov\u011bk mus\u00ed m\u00edt doma. Pot\u00e9 to kolikr\u00e1t dopad\u00e1 tak, \u017ee dan\u00e1 v\u011bc je zabalen\u00e1 n\u011bkde ve skladu nebo na p\u016fd\u011b a \u010dlov\u011bk si ani nevzpomene, \u017ee n\u011bco takov\u00e9ho v\u016fbec vlastn\u00ed. Opravdu ne v\u0161echno \u010dlov\u011bk pot\u0159ebuje. Zva\u017ete i vy, jestli byste neud\u011blali l\u00e9pe, pokud byste n\u011bjak\u00e9 v\u011bci n\u011bkomu darovali, proto\u017ee je mo\u017en\u00e9, \u017ee zjist\u00edte, \u017ee jsou skute\u010dn\u011b v\u011bci, kter\u00e9 m\u00e1te zcela zbyte\u010dn\u011b a ud\u011bl\u00e1te jen dob\u0159e, pokud je d\u00e1te pry\u010d, proto\u017ee najednou budete m\u00edt v\u0161ude daleko v\u00edce m\u00edsta.                                                                                                                                                                                                                                                                                                                                                                                                "},{"@context":"https:\/\/schema.org\/","@type":"BreadcrumbList","itemListElement":[{"@type":"ListItem","position":1,"name":"Ne v\u0161echno elektro se vyplat\u00ed m\u00edt doma","item":"https:\/\/www.gareno.cz\/ne-vsechno-elektro-se-vyplati-mit-doma\/#breadcrumbitem"}]}]