[{"@context":"https:\/\/schema.org\/","@type":"Article","@id":"https:\/\/www.gareno.cz\/nase-ratolesti-maji-take-myslenky\/#Article","mainEntityOfPage":"https:\/\/www.gareno.cz\/nase-ratolesti-maji-take-myslenky\/","headline":"Na\u0161e ratolesti maj\u00ed tak\u00e9 my\u0161lenky","name":"Na\u0161e ratolesti maj\u00ed tak\u00e9 my\u0161lenky","description":"U mobilu jsme u\u017e v\u0161ichni str\u00e1vili, a je\u0161t\u011b str\u00e1v\u00edme velkou \u010d\u00e1st na\u0161eho \u010dasu. V\u0161ude vid\u00edme, jak\u00e9 mno\u017estv\u00ed nov\u00fdch funkc\u00ed na\u0161e telefony maj\u00ed ka\u017ed\u00fd den a jak se vyv\u00edjej\u00ed. \u010casto sl\u00fdch\u00e1me ale i to, \u017ee jsou na\u0161e mobiln\u00ed za\u0159\u00edzen\u00ed pln\u00e9 hrozeb. Mobily ur\u010dit\u011b pln\u00e9 hrozeb jsou, ale s\u00a0ka\u017ed\u00fdm \u00fasp\u011bchem i \u0161t\u011bst\u00edm n\u011bjak\u00e9 riziko p\u0159ich\u00e1z\u00ed. Postupem \u010dasu [&hellip;]","datePublished":"2023-04-27","dateModified":"2023-06-27","author":{"@type":"Person","@id":"https:\/\/www.gareno.cz\/author\/#Person","name":"","url":"https:\/\/www.gareno.cz\/author\/","identifier":1,"image":{"@type":"ImageObject","@id":"https:\/\/secure.gravatar.com\/avatar\/65248d4269af31fa3fa693ee3fd479d0960b985d370ed586e59378332be7a3ce?s=96&d=mm&r=g","url":"https:\/\/secure.gravatar.com\/avatar\/65248d4269af31fa3fa693ee3fd479d0960b985d370ed586e59378332be7a3ce?s=96&d=mm&r=g","height":96,"width":96}},"publisher":{"@type":"Organization","name":"gareno.cz","logo":{"@type":"ImageObject","@id":"\/logo.png","url":"\/logo.png","width":600,"height":60}},"image":{"@type":"ImageObject","@id":"https:\/\/www.gareno.cz\/wp-content\/uploads\/jonathan-borba-CgWTqYxHEkg-unsplash.jpg","url":"https:\/\/www.gareno.cz\/wp-content\/uploads\/jonathan-borba-CgWTqYxHEkg-unsplash.jpg","height":0,"width":0},"url":"https:\/\/www.gareno.cz\/nase-ratolesti-maji-take-myslenky\/","about":["Mobil"],"wordCount":459,"articleBody":"U mobilu jsme u\u017e v\u0161ichni str\u00e1vili, a je\u0161t\u011b str\u00e1v\u00edme velkou \u010d\u00e1st na\u0161eho \u010dasu. V\u0161ude vid\u00edme, jak\u00e9 mno\u017estv\u00ed nov\u00fdch funkc\u00ed na\u0161e telefony maj\u00ed ka\u017ed\u00fd den a jak se vyv\u00edjej\u00ed. \u010casto sl\u00fdch\u00e1me ale i to, \u017ee jsou na\u0161e mobiln\u00ed za\u0159\u00edzen\u00ed pln\u00e9 hrozeb. Mobily ur\u010dit\u011b pln\u00e9 hrozeb jsou, ale s\u00a0ka\u017ed\u00fdm \u00fasp\u011bchem i \u0161t\u011bst\u00edm n\u011bjak\u00e9 riziko p\u0159ich\u00e1z\u00ed. Postupem \u010dasu v\u00edce a v\u00edce rostouc\u00ed procento lid\u00ed si na\u0161lo prav\u00e9 p\u0159\u00e1tele \u010di dokonce svou \u017eivotn\u00ed l\u00e1sku jen d\u00edky mobiln\u00edmu za\u0159\u00edzen\u00ed a soci\u00e1ln\u00edm s\u00edt\u00edm. Ka\u017ed\u00fd z\u00a0n\u00e1s je jin\u00fd, proto pro n\u011bkoho z\u00a0n\u00e1s m\u016f\u017ee b\u00fdt komplikovan\u011bj\u0161\u00ed naj\u00edt n\u011bkoho se stejn\u00fdmi z\u00e1jmy, kon\u00ed\u010dky a n\u00e1zory dostate\u010dn\u011b na to, abychom si rozum\u011bli.Star\u0161\u00ed generace jsou v\u00fdhradn\u011b proti t\u011bmto \u201emodern\u00edm vymo\u017eenostem\u201c, ale stejn\u011b jako mohou u\u0161kodit, tak n\u00e1m mohou p\u0159in\u00e9st \u017eivot pln\u00fd l\u00e1sky a \u0161t\u011bst\u00ed. Mobily, soci\u00e1ln\u00ed s\u00edt\u011b a ostatn\u00ed prost\u0159edky ke komunikaci se odsuzuj\u00ed v\u00edce, ne\u017e by m\u011bly. Dost mo\u017en\u00e1 jde o budoucnost na\u0161\u00ed populace, pro n\u011bkoho to mo\u017en\u00e1 bude nemo\u017en\u00e1 p\u0159edstava, ale m\u016f\u017ee tomu tak b\u00fdt. Modern\u00ed technologie se ka\u017ed\u00fdm dnem vyv\u00edj\u00ed tak, \u017ee nikdo nem\u00e1 p\u0159ehled o v\u0161em, co se b\u011bhem dne zm\u011bn\u00ed. Cel\u00fd sv\u011bt pracuje na tom, aby se n\u00e1\u0161 sv\u011bt zdokonaloval a byl pro n\u00e1s pohodln\u011bj\u0161\u00ed, z\u00e1\u017eivn\u011bj\u0161\u00ed a pln\u00fd radosti. Na\u0161e d\u011bti by ur\u010dit\u011b m\u011bly m\u00edt p\u0159\u00edstup ke sv\u00e9mu mobiln\u00edmu za\u0159\u00edzen\u00ed, a to kdykoliv. Ur\u010dit\u011b je nutn\u00e9 hl\u00eddat, aby to nehrani\u010dilo s\u00a0nezdravou z\u00e1vislost\u00ed, ale jinak tak\u00e9 pot\u0159ebuj\u00ed volnost, soukrom\u00ed a d\u016fv\u011bru. Lep\u0161\u00ed ne\u017e d\u011btem zakazovat mobily kv\u016fli hroz\u00edc\u00edmu nebezpe\u010d\u00ed, je lep\u0161\u00ed je nau\u010dit se p\u0159ed n\u00edm br\u00e1nit a neb\u00e1t se sv\u011b\u0159it sv\u00fdm rodi\u010d\u016fm, kdyby m\u011bli podez\u0159en\u00ed na cokoliv \u0161kodliv\u00e9ho. To posune vztah s\u00a0Va\u0161\u00edm d\u00edt\u011btem na zcela jinou \u00farove\u0148. Je d\u016fle\u017eit\u00e9 sv\u00fdm d\u011btem projevovat d\u016fv\u011bru takovou, jako ji oni projevili n\u00e1m, kdy\u017e n\u00e1s nechali, abychom je vychovali sv\u00fdmi dosavadn\u00edmi a \u010dasto nedosta\u010duj\u00edc\u00edmi zku\u0161enostmi. Sv\u00fdch d\u011bt\u00ed si mus\u00edme v\u00e1\u017eit a opatrovat je, ale z\u00e1rove\u0148 nesm\u00edme zapomenout, \u017ee to jsou lidsk\u00e9 bytosti, kter\u00e9 maj\u00ed sv\u00e9 vlastn\u00ed zp\u016fsoby a n\u00e1zory.                                                                                                                                                                                                                                                                                                                                                                                                "},{"@context":"https:\/\/schema.org\/","@type":"BreadcrumbList","itemListElement":[{"@type":"ListItem","position":1,"name":"Na\u0161e ratolesti maj\u00ed tak\u00e9 my\u0161lenky","item":"https:\/\/www.gareno.cz\/nase-ratolesti-maji-take-myslenky\/#breadcrumbitem"}]}]