{"@context":"https:\/\/schema.org\/","@type":"CollectionPage","@id":"https:\/\/www.gareno.cz\/mobil\/#CollectionPage","headline":"Mobil Category","description":"","url":"https:\/\/www.gareno.cz\/mobil\/","hasPart":[{"@type":"Article","@id":"https:\/\/www.gareno.cz\/bez-krabicky-nelze\/","headline":"Bez krabi\u010dky nelze","url":"https:\/\/www.gareno.cz\/bez-krabicky-nelze\/","datePublished":"2024-07-29","dateModified":"2024-07-29","mainEntityOfPage":"https:\/\/www.gareno.cz\/bez-krabicky-nelze\/","author":{"@type":"Person","@id":"https:\/\/www.gareno.cz\/author\/#Person","name":"","url":"https:\/\/www.gareno.cz\/author\/","identifier":1,"image":{"@type":"ImageObject","@id":"https:\/\/secure.gravatar.com\/avatar\/65248d4269af31fa3fa693ee3fd479d0960b985d370ed586e59378332be7a3ce?s=96&d=mm&r=g","url":"https:\/\/secure.gravatar.com\/avatar\/65248d4269af31fa3fa693ee3fd479d0960b985d370ed586e59378332be7a3ce?s=96&d=mm&r=g","height":96,"width":96}},"publisher":{"@type":"Organization","name":"gareno.cz","logo":{"@type":"ImageObject","@id":"\/logo.png","url":"\/logo.png","width":600,"height":60}},"image":{"@type":"ImageObject","@id":"https:\/\/www.gareno.cz\/wp-content\/uploads\/mobile-2565112_640_2.jpg","url":"https:\/\/www.gareno.cz\/wp-content\/uploads\/mobile-2565112_640_2.jpg","height":0,"width":0},"keywords":null},{"@type":"Article","@id":"https:\/\/www.gareno.cz\/vykonny-mobilni-telefon\/","headline":"V\u00fdkonn\u00fd mobiln\u00ed telefon","url":"https:\/\/www.gareno.cz\/vykonny-mobilni-telefon\/","datePublished":"2023-07-05","dateModified":"2024-04-05","mainEntityOfPage":"https:\/\/www.gareno.cz\/vykonny-mobilni-telefon\/","author":{"@type":"Person","@id":"https:\/\/www.gareno.cz\/author\/#Person","name":"","url":"https:\/\/www.gareno.cz\/author\/","identifier":1,"image":{"@type":"ImageObject","@id":"https:\/\/secure.gravatar.com\/avatar\/65248d4269af31fa3fa693ee3fd479d0960b985d370ed586e59378332be7a3ce?s=96&d=mm&r=g","url":"https:\/\/secure.gravatar.com\/avatar\/65248d4269af31fa3fa693ee3fd479d0960b985d370ed586e59378332be7a3ce?s=96&d=mm&r=g","height":96,"width":96}},"publisher":{"@type":"Organization","name":"gareno.cz","logo":{"@type":"ImageObject","@id":"\/logo.png","url":"\/logo.png","width":600,"height":60}},"image":{"@type":"ImageObject","@id":"https:\/\/www.gareno.cz\/wp-content\/uploads\/business-5475661_1280.jpg","url":"https:\/\/www.gareno.cz\/wp-content\/uploads\/business-5475661_1280.jpg","height":0,"width":0},"keywords":null},{"@type":"Article","@id":"https:\/\/www.gareno.cz\/nase-ratolesti-maji-take-myslenky\/","headline":"Na\u0161e ratolesti maj\u00ed tak\u00e9 my\u0161lenky","url":"https:\/\/www.gareno.cz\/nase-ratolesti-maji-take-myslenky\/","datePublished":"2023-04-27","dateModified":"2023-06-27","mainEntityOfPage":"https:\/\/www.gareno.cz\/nase-ratolesti-maji-take-myslenky\/","author":{"@type":"Person","@id":"https:\/\/www.gareno.cz\/author\/#Person","name":"","url":"https:\/\/www.gareno.cz\/author\/","identifier":1,"image":{"@type":"ImageObject","@id":"https:\/\/secure.gravatar.com\/avatar\/65248d4269af31fa3fa693ee3fd479d0960b985d370ed586e59378332be7a3ce?s=96&d=mm&r=g","url":"https:\/\/secure.gravatar.com\/avatar\/65248d4269af31fa3fa693ee3fd479d0960b985d370ed586e59378332be7a3ce?s=96&d=mm&r=g","height":96,"width":96}},"publisher":{"@type":"Organization","name":"gareno.cz","logo":{"@type":"ImageObject","@id":"\/logo.png","url":"\/logo.png","width":600,"height":60}},"image":{"@type":"ImageObject","@id":"https:\/\/www.gareno.cz\/wp-content\/uploads\/jonathan-borba-CgWTqYxHEkg-unsplash.jpg","url":"https:\/\/www.gareno.cz\/wp-content\/uploads\/jonathan-borba-CgWTqYxHEkg-unsplash.jpg","height":0,"width":0},"keywords":null},{"@type":"Article","@id":"https:\/\/www.gareno.cz\/kyselina-hyaluronova-a-kolagen-dokonale-kombo\/","headline":"Kyselina hyaluronov\u00e1 a kolagen &#8211; dokonal\u00e9 kombo?","url":"https:\/\/www.gareno.cz\/kyselina-hyaluronova-a-kolagen-dokonale-kombo\/","datePublished":"2022-06-19","dateModified":"2022-06-19","mainEntityOfPage":"https:\/\/www.gareno.cz\/kyselina-hyaluronova-a-kolagen-dokonale-kombo\/","author":{"@type":"Person","@id":"https:\/\/www.gareno.cz\/author\/#Person","name":"","url":"https:\/\/www.gareno.cz\/author\/","identifier":1,"image":{"@type":"ImageObject","@id":"https:\/\/secure.gravatar.com\/avatar\/65248d4269af31fa3fa693ee3fd479d0960b985d370ed586e59378332be7a3ce?s=96&d=mm&r=g","url":"https:\/\/secure.gravatar.com\/avatar\/65248d4269af31fa3fa693ee3fd479d0960b985d370ed586e59378332be7a3ce?s=96&d=mm&r=g","height":96,"width":96}},"publisher":{"@type":"Organization","name":"gareno.cz","logo":{"@type":"ImageObject","@id":"\/logo.png","url":"\/logo.png","width":600,"height":60}},"image":{"@type":"ImageObject","@id":"https:\/\/www.gareno.cz\/wp-content\/uploads\/pexels-sora-shimazaki-5938639.jpg","url":"https:\/\/www.gareno.cz\/wp-content\/uploads\/pexels-sora-shimazaki-5938639.jpg","height":0,"width":0},"keywords":null},{"@type":"Article","@id":"https:\/\/www.gareno.cz\/spravna-hracka-pro-dobrodruzne-povahy\/","headline":"Spr\u00e1vn\u00e1 hra\u010dka pro dobrodru\u017en\u00e9 povahy","url":"https:\/\/www.gareno.cz\/spravna-hracka-pro-dobrodruzne-povahy\/","datePublished":"2020-07-17","dateModified":"2020-07-17","mainEntityOfPage":"https:\/\/www.gareno.cz\/spravna-hracka-pro-dobrodruzne-povahy\/","author":{"@type":"Person","@id":"https:\/\/www.gareno.cz\/author\/#Person","name":"","url":"https:\/\/www.gareno.cz\/author\/","identifier":1,"image":{"@type":"ImageObject","@id":"https:\/\/secure.gravatar.com\/avatar\/65248d4269af31fa3fa693ee3fd479d0960b985d370ed586e59378332be7a3ce?s=96&d=mm&r=g","url":"https:\/\/secure.gravatar.com\/avatar\/65248d4269af31fa3fa693ee3fd479d0960b985d370ed586e59378332be7a3ce?s=96&d=mm&r=g","height":96,"width":96}},"publisher":{"@type":"Organization","name":"gareno.cz","logo":{"@type":"ImageObject","@id":"\/logo.png","url":"\/logo.png","width":600,"height":60}},"image":{"@type":"ImageObject","@id":"https:\/\/www.gareno.cz\/wp-content\/uploads\/indi%C3%A1nsk%C3%A1%20%C4%8Delenka.jpg","url":"https:\/\/www.gareno.cz\/wp-content\/uploads\/indi%C3%A1nsk%C3%A1%20%C4%8Delenka.jpg","height":0,"width":0},"keywords":null},{"@type":"Article","@id":"https:\/\/www.gareno.cz\/pergola-jako-okrasa-a-zona-klidu\/","headline":"Pergola jako okrasa a z\u00f3na klidu","url":"https:\/\/www.gareno.cz\/pergola-jako-okrasa-a-zona-klidu\/","datePublished":"2020-05-11","dateModified":"2020-05-11","mainEntityOfPage":"https:\/\/www.gareno.cz\/pergola-jako-okrasa-a-zona-klidu\/","author":{"@type":"Person","@id":"https:\/\/www.gareno.cz\/author\/#Person","name":"","url":"https:\/\/www.gareno.cz\/author\/","identifier":1,"image":{"@type":"ImageObject","@id":"https:\/\/secure.gravatar.com\/avatar\/65248d4269af31fa3fa693ee3fd479d0960b985d370ed586e59378332be7a3ce?s=96&d=mm&r=g","url":"https:\/\/secure.gravatar.com\/avatar\/65248d4269af31fa3fa693ee3fd479d0960b985d370ed586e59378332be7a3ce?s=96&d=mm&r=g","height":96,"width":96}},"publisher":{"@type":"Organization","name":"gareno.cz","logo":{"@type":"ImageObject","@id":"\/logo.png","url":"\/logo.png","width":600,"height":60}},"image":{"@type":"ImageObject","@id":"https:\/\/www.gareno.cz\/wp-content\/uploads\/pergola-3701224_960_720.jpg","url":"https:\/\/www.gareno.cz\/wp-content\/uploads\/pergola-3701224_960_720.jpg","height":0,"width":0},"keywords":null},{"@type":"Article","@id":"https:\/\/www.gareno.cz\/pomucka-pro-prevazeni-bremen\/","headline":"Pom\u016fcka pro p\u0159ev\u00e1\u017een\u00ed b\u0159emen","url":"https:\/\/www.gareno.cz\/pomucka-pro-prevazeni-bremen\/","datePublished":"2020-03-16","dateModified":"2020-03-16","mainEntityOfPage":"https:\/\/www.gareno.cz\/pomucka-pro-prevazeni-bremen\/","author":{"@type":"Person","@id":"https:\/\/www.gareno.cz\/author\/#Person","name":"","url":"https:\/\/www.gareno.cz\/author\/","identifier":1,"image":{"@type":"ImageObject","@id":"https:\/\/secure.gravatar.com\/avatar\/65248d4269af31fa3fa693ee3fd479d0960b985d370ed586e59378332be7a3ce?s=96&d=mm&r=g","url":"https:\/\/secure.gravatar.com\/avatar\/65248d4269af31fa3fa693ee3fd479d0960b985d370ed586e59378332be7a3ce?s=96&d=mm&r=g","height":96,"width":96}},"publisher":{"@type":"Organization","name":"gareno.cz","logo":{"@type":"ImageObject","@id":"\/logo.png","url":"\/logo.png","width":600,"height":60}},"image":{"@type":"ImageObject","@id":"https:\/\/www.gareno.cz\/wp-content\/uploads\/Nov%C3%A9%20ta%C5%BEn%C3%A9%20za%C5%99%C3%ADzen%C3%AD.jpg","url":"https:\/\/www.gareno.cz\/wp-content\/uploads\/Nov%C3%A9%20ta%C5%BEn%C3%A9%20za%C5%99%C3%ADzen%C3%AD.jpg","height":0,"width":0},"keywords":null},{"@type":"Article","@id":"https:\/\/www.gareno.cz\/k-cemu-vsemu-lze-vyuzit-nite\/","headline":"K \u010demu v\u0161emu lze vyu\u017e\u00edt nit\u011b","url":"https:\/\/www.gareno.cz\/k-cemu-vsemu-lze-vyuzit-nite\/","datePublished":"2019-09-09","dateModified":"2019-09-09","mainEntityOfPage":"https:\/\/www.gareno.cz\/k-cemu-vsemu-lze-vyuzit-nite\/","author":{"@type":"Person","@id":"https:\/\/www.gareno.cz\/author\/#Person","name":"","url":"https:\/\/www.gareno.cz\/author\/","identifier":1,"image":{"@type":"ImageObject","@id":"https:\/\/secure.gravatar.com\/avatar\/65248d4269af31fa3fa693ee3fd479d0960b985d370ed586e59378332be7a3ce?s=96&d=mm&r=g","url":"https:\/\/secure.gravatar.com\/avatar\/65248d4269af31fa3fa693ee3fd479d0960b985d370ed586e59378332be7a3ce?s=96&d=mm&r=g","height":96,"width":96}},"publisher":{"@type":"Organization","name":"gareno.cz","logo":{"@type":"ImageObject","@id":"\/logo.png","url":"\/logo.png","width":600,"height":60}},"image":{"@type":"ImageObject","@id":"https:\/\/www.gareno.cz\/wp-content\/uploads\/img_a363229_w1789_t1576053604.jpg","url":"https:\/\/www.gareno.cz\/wp-content\/uploads\/img_a363229_w1789_t1576053604.jpg","height":0,"width":0},"keywords":null},{"@type":"Article","@id":"https:\/\/www.gareno.cz\/stante-se-princeznou\/","headline":"Sta\u0148te se princeznou","url":"https:\/\/www.gareno.cz\/stante-se-princeznou\/","datePublished":"2019-08-19","dateModified":"2019-08-19","mainEntityOfPage":"https:\/\/www.gareno.cz\/stante-se-princeznou\/","author":{"@type":"Person","@id":"https:\/\/www.gareno.cz\/author\/#Person","name":"","url":"https:\/\/www.gareno.cz\/author\/","identifier":1,"image":{"@type":"ImageObject","@id":"https:\/\/secure.gravatar.com\/avatar\/65248d4269af31fa3fa693ee3fd479d0960b985d370ed586e59378332be7a3ce?s=96&d=mm&r=g","url":"https:\/\/secure.gravatar.com\/avatar\/65248d4269af31fa3fa693ee3fd479d0960b985d370ed586e59378332be7a3ce?s=96&d=mm&r=g","height":96,"width":96}},"publisher":{"@type":"Organization","name":"gareno.cz","logo":{"@type":"ImageObject","@id":"\/logo.png","url":"\/logo.png","width":600,"height":60}},"image":{"@type":"ImageObject","@id":"https:\/\/www.gareno.cz\/wp-content\/uploads\/img_a358704_w1783_t1572978290.jpg","url":"https:\/\/www.gareno.cz\/wp-content\/uploads\/img_a358704_w1783_t1572978290.jpg","height":0,"width":0},"keywords":null},{"@type":"Article","@id":"https:\/\/www.gareno.cz\/pripravte-bazen-na-dalsi-koupaci-sezonu\/","headline":"P\u0159ipravte baz\u00e9n na dal\u0161\u00ed koupac\u00ed sez\u00f3nu","url":"https:\/\/www.gareno.cz\/pripravte-bazen-na-dalsi-koupaci-sezonu\/","datePublished":"2019-08-07","dateModified":"2019-08-07","mainEntityOfPage":"https:\/\/www.gareno.cz\/pripravte-bazen-na-dalsi-koupaci-sezonu\/","author":{"@type":"Person","@id":"https:\/\/www.gareno.cz\/author\/#Person","name":"","url":"https:\/\/www.gareno.cz\/author\/","identifier":1,"image":{"@type":"ImageObject","@id":"https:\/\/secure.gravatar.com\/avatar\/65248d4269af31fa3fa693ee3fd479d0960b985d370ed586e59378332be7a3ce?s=96&d=mm&r=g","url":"https:\/\/secure.gravatar.com\/avatar\/65248d4269af31fa3fa693ee3fd479d0960b985d370ed586e59378332be7a3ce?s=96&d=mm&r=g","height":96,"width":96}},"publisher":{"@type":"Organization","name":"gareno.cz","logo":{"@type":"ImageObject","@id":"\/logo.png","url":"\/logo.png","width":600,"height":60}},"image":{"@type":"ImageObject","@id":"https:\/\/www.gareno.cz\/wp-content\/uploads\/img_a360213_w3036_t1574066097.jpg","url":"https:\/\/www.gareno.cz\/wp-content\/uploads\/img_a360213_w3036_t1574066097.jpg","height":0,"width":0},"keywords":null}]}