[{"@context":"https:\/\/schema.org\/","@type":"Article","@id":"https:\/\/www.gareno.cz\/kolagen-a-jeho-ucinky\/#Article","mainEntityOfPage":"https:\/\/www.gareno.cz\/kolagen-a-jeho-ucinky\/","headline":"Kolagen a jeho \u00fa\u010dinky","name":"Kolagen a jeho \u00fa\u010dinky","description":"M\u00e1 kolagen \u00fa\u010dinky opravdu viditeln\u00e9? Kolagen je vl\u00e1knina, kter\u00e1 nen\u00ed rozpustn\u00e1 ve vod\u011b. Je to b\u00edlkovina, kter\u00e1 tvo\u0159\u00ed z\u00e1klad pojivov\u00fdch tk\u00e1n\u00ed. Je nezbytnou sou\u010d\u00e1st\u00ed t\u011bla v\u0161ech savc\u016f. U. Pou\u017e\u00edv\u00e1 se v\u011bt\u0161inou jako potravinov\u00fd dopln\u011bk. Na\u0161e t\u011blo kolegy\u0148 vytv\u00e1\u0159\u00ed jen do ur\u010dit\u00e9ho v\u011bku. Nen\u00ed to tak, \u017ee by ze dne na den t\u011blo kolegy\u0148 p\u0159estalo produkovat. [&hellip;]","datePublished":"2022-10-10","dateModified":"2022-10-10","author":{"@type":"Person","@id":"https:\/\/www.gareno.cz\/author\/#Person","name":"","url":"https:\/\/www.gareno.cz\/author\/","identifier":1,"image":{"@type":"ImageObject","@id":"https:\/\/secure.gravatar.com\/avatar\/65248d4269af31fa3fa693ee3fd479d0960b985d370ed586e59378332be7a3ce?s=96&d=mm&r=g","url":"https:\/\/secure.gravatar.com\/avatar\/65248d4269af31fa3fa693ee3fd479d0960b985d370ed586e59378332be7a3ce?s=96&d=mm&r=g","height":96,"width":96}},"publisher":{"@type":"Organization","name":"gareno.cz","logo":{"@type":"ImageObject","@id":"\/logo.png","url":"\/logo.png","width":600,"height":60}},"image":{"@type":"ImageObject","@id":"https:\/\/www.gareno.cz\/wp-content\/uploads\/sta%C5%BEen%C3%BD%20soubor%20(4)_1.jpg","url":"https:\/\/www.gareno.cz\/wp-content\/uploads\/sta%C5%BEen%C3%BD%20soubor%20(4)_1.jpg","height":0,"width":0},"url":"https:\/\/www.gareno.cz\/kolagen-a-jeho-ucinky\/","about":["V\u00fdrobky"],"wordCount":396,"articleBody":"       M\u00e1 kolagen \u00fa\u010dinky opravdu viditeln\u00e9? Kolagen je vl\u00e1knina, kter\u00e1 nen\u00ed rozpustn\u00e1 ve vod\u011b. Je to b\u00edlkovina, kter\u00e1 tvo\u0159\u00ed z\u00e1klad pojivov\u00fdch tk\u00e1n\u00ed. Je nezbytnou sou\u010d\u00e1st\u00ed t\u011bla v\u0161ech savc\u016f. U. Pou\u017e\u00edv\u00e1 se v\u011bt\u0161inou jako potravinov\u00fd dopln\u011bk. Na\u0161e t\u011blo kolegy\u0148 vytv\u00e1\u0159\u00ed jen do ur\u010dit\u00e9ho v\u011bku. Nen\u00ed to tak, \u017ee by ze dne na den t\u011blo kolegy\u0148 p\u0159estalo produkovat. \u00dabytek se jev\u00ed jako pozvoln\u00fd a postupn\u011b se sni\u017euje. T\u011blo ho vytv\u00e1\u0159\u00ed p\u0159ibli\u017en\u011b jen do 35 let. Je zastoupen v rychle rostouc\u00edch tk\u00e1n\u00edch a d\u00edky n\u011bmu m\u00e1me v ml\u00e1d\u00ed kr\u00e1sn\u011b vypnutou ple\u0165. Nejedn\u00e1 se jen o \u00fabytek pevnosti k\u016f\u017ee na na\u0161em obli\u010deji, ale tak\u00e9 ovliv\u0148uje elasticitu \u0161lach a dal\u0161\u00edch typ\u016f, kter\u00e9 jsou t\u0159eba v chrupavk\u00e1ch. Ve vy\u0161\u0161\u00edm v\u011bku za\u010dne ztr\u00e1cet svou pevnost. V tomto v\u011bku \u017eeny pou\u017e\u00edvaj\u00ed kosmetick\u00e9 produkty pro dopln\u011bn\u00ed kolagenu v t\u011ble. Je spoustu produkt\u016f, kter\u00e9 obsahuj\u00ed kolagen, nap\u0159\u00edklad kr\u00e9my t\u011blov\u00e1 ml\u00e9ka. Ve vy\u0161\u0161\u00edm v\u011bku zhruba kolem 60 let jsou dal\u0161\u00ed kosmetick\u00e9 a farmaceutick\u00e9 firmy, kter\u00e9 se zab\u00fdvaj\u00ed kloubn\u00ed v\u00fd\u017eivou, ve kter\u00e9 je obsa\u017een tak\u00e9 kolagen. Jeliko\u017e tomto v\u011bku doch\u00e1z\u00ed k velmi prudk\u00e9mu poklesu tvorby kolagenu v t\u011ble. Za\u010d\u00ednaj\u00ed se na t\u011ble objevovat projevy st\u00e1\u0159\u00ed, mohou to b\u00fdt vr\u00e1sky, povisl\u00e1 k\u016f\u017ee, zhor\u0161en\u00e1 kvalita neht\u016f, vlas\u016f, bolav\u00e9 klouby a ztuhl\u00e1 z\u00e1da.Ka\u017ed\u00e1 \u017eena, kter\u00e1 pravideln\u011b nav\u0161t\u011bvuje kosmetick\u00fd sal\u00f3n v\u00ed, \u017ee odborn\u00edci na kosmetiku pracuj\u00ed tak\u00e9 s kolagenem, kter\u00fd maj\u00ed v ampul\u00edch a ten jemn\u011b vmas\u00edruj\u00ed dojemn\u00fdch obli\u010dejov\u00fdch vr\u00e1sek nebo dekoltu. Je to ale pouze podp\u016frn\u00e9 o\u0161et\u0159en\u00ed. Nejedn\u00e1 se, \u017ee o \u017e\u00e1dn\u00e9 vyhlazen\u00ed vr\u00e1sek a \u017e\u00e1dn\u00e9 zlep\u0161en\u00ed kvality vlas\u016f a neht\u016f. Pokud se rozhodnete ve sv\u00e9m t\u011ble podpo\u0159it kolagen, dbejte na to, \u017ee se jedn\u00e1 pouze o podp\u016frn\u00e9 o\u0161et\u0159en\u00ed a m\u00e1 pat\u0159i\u010dn\u00fd efekt jen tehdy, pokud je kolagenu dostatek v t\u011ble. K\u00fara se aplikuje v n\u011bkolika d\u00e1vk\u00e1ch pravideln\u011b s odstupem p\u00e1r dn\u00ed. Myslete na to a zaj\u00edmejte se, zda pracujete s prov\u011b\u0159en\u00fdm p\u0159\u00edpravkem.                                                                                                                                                                                                                                                                                                                                                                                                   "},{"@context":"https:\/\/schema.org\/","@type":"BreadcrumbList","itemListElement":[{"@type":"ListItem","position":1,"name":"Kolagen a jeho \u00fa\u010dinky","item":"https:\/\/www.gareno.cz\/kolagen-a-jeho-ucinky\/#breadcrumbitem"}]}]