[{"@context":"https:\/\/schema.org\/","@type":"Article","@id":"https:\/\/www.gareno.cz\/kdyz-je-venku-horko\/#Article","mainEntityOfPage":"https:\/\/www.gareno.cz\/kdyz-je-venku-horko\/","headline":"Kdy\u017e je venku horko\u2026","name":"Kdy\u017e je venku horko\u2026","description":"Ona je ta p\u00edsni\u010dka slavn\u00e1 po cel\u00e9m sv\u011bt\u011b, tedy hlavn\u011b u n\u00e1s. Nejv\u00edce asi v Praze. Ale to nen\u00ed d\u016fle\u017eit\u00e9, tento \u010dl\u00e1nek nem\u00e1 b\u00fdt o p\u00edsni\u010dk\u00e1ch, \u010di jedn\u00e9 p\u00edsni\u010dce, ale o baz\u00e9nech a jejich p\u0159\u00edslu\u0161enstv\u00ed. A t\u00edm jsem nyn\u00ed vyzradil obsah, ani\u017e jsem to m\u011bl v \u00famyslu. Nu, nevad\u00ed, stejn\u011b bychom se k tomu dostali. [&hellip;]","datePublished":"2023-09-23","dateModified":"2023-09-23","author":{"@type":"Person","@id":"https:\/\/www.gareno.cz\/author\/#Person","name":"","url":"https:\/\/www.gareno.cz\/author\/","identifier":1,"image":{"@type":"ImageObject","@id":"https:\/\/secure.gravatar.com\/avatar\/65248d4269af31fa3fa693ee3fd479d0960b985d370ed586e59378332be7a3ce?s=96&d=mm&r=g","url":"https:\/\/secure.gravatar.com\/avatar\/65248d4269af31fa3fa693ee3fd479d0960b985d370ed586e59378332be7a3ce?s=96&d=mm&r=g","height":96,"width":96}},"publisher":{"@type":"Organization","name":"gareno.cz","logo":{"@type":"ImageObject","@id":"\/logo.png","url":"\/logo.png","width":600,"height":60}},"image":{"@type":"ImageObject","@id":"https:\/\/www.gareno.cz\/wp-content\/uploads\/bikini-15730_640_2.jpg","url":"https:\/\/www.gareno.cz\/wp-content\/uploads\/bikini-15730_640_2.jpg","height":0,"width":0},"url":"https:\/\/www.gareno.cz\/kdyz-je-venku-horko\/","about":["V\u00fdrobky"],"wordCount":438,"articleBody":"        Ona je ta p\u00edsni\u010dka slavn\u00e1 po cel\u00e9m sv\u011bt\u011b, tedy hlavn\u011b u n\u00e1s. Nejv\u00edce asi v Praze. Ale to nen\u00ed d\u016fle\u017eit\u00e9, tento \u010dl\u00e1nek nem\u00e1 b\u00fdt o p\u00edsni\u010dk\u00e1ch, \u010di jedn\u00e9 p\u00edsni\u010dce, ale o baz\u00e9nech a jejich p\u0159\u00edslu\u0161enstv\u00ed. A t\u00edm jsem nyn\u00ed vyzradil obsah, ani\u017e jsem to m\u011bl v \u00famyslu. Nu, nevad\u00ed, stejn\u011b bychom se k tomu dostali. Tak tedy, je horko jako v peci, \u010dlov\u011bk nev\u00ed, kam by zalezl, a tak se hrne ze slunce n\u011bkam, kde je klimatizace nebo mo\u017enost jin\u00e9ho ochlazen\u00ed. Spousta lid\u00ed kva\u010d\u00ed k vod\u011b, aby toto ochlazen\u00ed na\u0161li tam, p\u0159\u00edmo v n\u00ed. Tak\u017ee si zaplat\u00ed cestu, je jedno zda ve\u0159ejnou dopravou, nebo si koup\u00ed benz\u00edn \u010di naftu a vyraz\u00ed k vod\u011b.Cesta je d\u011bs, ale co se d\u00e1 d\u011blat. Pak si stoupnou do \u0159ady na vstupenky  http:\/\/www.ceskehrady.cz\/cs\/vstupenky\/ a kone\u010dn\u011b se dost\u00e1vaj\u00ed na plochu koupali\u0161t\u011b. Rozhod\u00ed deku a v krav\u00e1lu a jekotu jdou k baz\u00e9nu, kde zhruba po deseti minut\u00e1ch objev\u00ed voln\u00e9 m\u00edsto ve vod\u011b. Tam si hupnou a stoj\u00ed, proto\u017ee se stejn\u011b nic jin\u00e9ho d\u011blat ned\u00e1. Pot\u00e9 vylezou, jdou na pivo a hranolky a dvakr\u00e1t je\u0161t\u011b vlezou do vody. Nu a kdy\u017e pak p\u0159ijedou dom\u016f, jsou unaven\u00ed je\u0161t\u011b v\u00edce, ne\u017e kdy\u017e na koupali\u0161t\u011b \u0161li. Nen\u00ed se co divit. A tito lid\u00e9 u\u017e rad\u011bji nepo\u010d\u00edtaj\u00ed na kolik je to p\u0159i\u0161lo. Jin\u00fd \u010dlov\u011bk, takov\u00fd, kter\u00fd m\u00e1 doma baz\u00e9n do n\u011bj sice n\u011bco investoval, ale nyn\u00ed se m\u016f\u017ee sm\u00e1t. Do vody m\u016f\u017ee hned po p\u0159\u00edchodu dom\u016f, m\u00edsta m\u00e1 pro sebe habad\u011bj, a nav\u00edc tady m\u00e1 klid a ticho. A u\u0161et\u0159en\u00e9 pen\u00edze. A pozor, m\u016f\u017ee to vyu\u017e\u00edt cel\u00e1 rodina. Tak\u017ee, hur\u00e1 do vody. Jen\u017ee, ouha, t\u00e1to, ta voda je studen\u00e1! Ale kdepak, nen\u00ed, je tepl\u00e1. Nen\u00ed a nen\u00ed a je a je a u\u017e je zde vesel\u00e1 rozep\u0159e, kter\u00e1 je vlastn\u011b zbyte\u010dn\u00e1, proto\u017ee je to ot\u00e1zka pocitov\u00e1, a ne toho, jak je voda skute\u010dn\u011b tepl\u00e1. Ostatn\u011b, takov\u00fd teplom\u011br do baz\u00e9nu nen\u00ed \u0161patn\u00e1 v\u011bc, ta hned tyto spory vy\u0159e\u0161\u00ed. Nen\u00ed zrovna nutn\u00e1, ale v\u017edycky se hod\u00ed, aby \u010dlov\u011bk v\u011bd\u011bl. A nav\u00edc, pokud je plovouc\u00ed, mohou d\u011bti kolem n\u011bj \u0159\u00e1dit a u\u017eij\u00ed si s n\u00edm je\u0161t\u011b i legraci.                                                                                                                                                                                                                                                                                                                                                                                                   "},{"@context":"https:\/\/schema.org\/","@type":"BreadcrumbList","itemListElement":[{"@type":"ListItem","position":1,"name":"Kdy\u017e je venku horko\u2026","item":"https:\/\/www.gareno.cz\/kdyz-je-venku-horko\/#breadcrumbitem"}]}]