[{"@context":"https:\/\/schema.org\/","@type":"Article","@id":"https:\/\/www.gareno.cz\/jdeme-k-holici\/#Article","mainEntityOfPage":"https:\/\/www.gareno.cz\/jdeme-k-holici\/","headline":"Jdeme k holi\u010di","name":"Jdeme k holi\u010di","description":"On ten n\u00e1zev \u010dl\u00e1nku je asi trochu zav\u00e1d\u011bj\u00edc\u00ed. Neb my nep\u016fjdeme k holi\u010di, ale do barbershopu a to hnedlinko do toho nejlep\u0161\u00edho, toti\u017e do Hostivic. Co\u017e je sou\u010d\u00e1st\u00ed na\u0161eho hlavn\u00edho m\u011bsta a my to v\u00edme a my tak\u00e9 v\u00edme, \u017ee tam budeme ost\u0159\u00edh\u00e1ni a upraveni na t\u00e9 skute\u010dn\u011b nejvy\u0161\u0161\u00ed \u00farovni. Sem chod\u00ed jen ti mohovit\u011bj\u0161\u00ed [&hellip;]","datePublished":"2024-04-15","dateModified":"2024-05-15","author":{"@type":"Person","@id":"https:\/\/www.gareno.cz\/author\/#Person","name":"","url":"https:\/\/www.gareno.cz\/author\/","identifier":1,"image":{"@type":"ImageObject","@id":"https:\/\/secure.gravatar.com\/avatar\/65248d4269af31fa3fa693ee3fd479d0960b985d370ed586e59378332be7a3ce?s=96&d=mm&r=g","url":"https:\/\/secure.gravatar.com\/avatar\/65248d4269af31fa3fa693ee3fd479d0960b985d370ed586e59378332be7a3ce?s=96&d=mm&r=g","height":96,"width":96}},"publisher":{"@type":"Organization","name":"gareno.cz","logo":{"@type":"ImageObject","@id":"\/logo.png","url":"\/logo.png","width":600,"height":60}},"image":{"@type":"ImageObject","@id":"https:\/\/www.gareno.cz\/wp-content\/uploads\/people-2595657_640.jpg","url":"https:\/\/www.gareno.cz\/wp-content\/uploads\/people-2595657_640.jpg","height":0,"width":0},"url":"https:\/\/www.gareno.cz\/jdeme-k-holici\/","about":["Spole\u010dnosti"],"wordCount":423,"articleBody":"       On ten n\u00e1zev \u010dl\u00e1nku je asi trochu zav\u00e1d\u011bj\u00edc\u00ed. Neb my nep\u016fjdeme k holi\u010di, ale do barbershopu a to hnedlinko do toho nejlep\u0161\u00edho, toti\u017e do Hostivic. Co\u017e je sou\u010d\u00e1st\u00ed na\u0161eho hlavn\u00edho m\u011bsta a my to v\u00edme a my tak\u00e9 v\u00edme, \u017ee tam budeme ost\u0159\u00edh\u00e1ni a upraveni na t\u00e9 skute\u010dn\u011b nejvy\u0161\u0161\u00ed \u00farovni. Sem chod\u00ed jen ti mohovit\u011bj\u0161\u00ed lid\u00e9, a proto sem tak\u00e9 my used\u00e1me, abychom byli odbaveni se v\u0161\u00edm komfortem a naprosto p\u0159esn\u011b dle na\u0161eho p\u0159\u00e1n\u00ed. K tomu n\u00e1m barber pod\u00e1 na\u0161e obl\u00edben\u00e9 pit\u00ed\u010dko, kter\u00e9 je samoz\u0159ejm\u011b v cen\u011b pr\u00e1ce samotn\u00e9. Kdy\u017e \u010dlov\u011bku rostou vlasy a tak\u00e9 vousy, tedy jen mu\u017e\u016fm, jist\u011b si sami odhadnou \u010das, kdy je t\u0159eba barbershop Hostivice nav\u0161t\u00edvit. Samoz\u0159ejm\u011b, \u017ee sem m\u016f\u017ee i \u010dlov\u011bk, kter\u00fd v ofic\u00edn\u011b nebyl dvacet let a je chlupat\u00fd jako Ezau, ale bude s n\u00edm asi v\u00edce pr\u00e1ce. Ono, ne\u017e holi\u010d najde hlavu v t\u00e9 z\u00e1plav\u011b vlas\u016f\u2026 D\u0159\u00edve se barbe\u0159i naz\u00fdvali brad\u00fd\u0159i, co\u017e je hodn\u011b podobn\u00e9. Asi ti bylo proto, \u017ee se zab\u00fdvali bradami p\u00e1n\u016f. Holili je a tak\u00e9 na n\u011b pl\u00e1cali v\u0161elijak\u00e9 masti\u010dky a v\u016fn\u011b. P\u00e1ni pak vypadali jako ze \u0161katulky, a tak se to vlastn\u011b d\u011bje i dnes. Takov\u00fd \u010derstv\u011b oholen\u00fd p\u00e1n se jist\u011b c\u00edt\u00ed o mnoho l\u00e9pe, ne\u017e kdy\u017e mu na tv\u00e1\u0159i ra\u0161\u00ed t\u0159\u00eddenn\u00ed strni\u0161t\u011b. A kdy\u017e je tak\u00e9 \u010derstv\u011b polit n\u011bjakou v\u016fn\u00ed, klidn\u011b m\u016f\u017ee vyrazit na n\u00e1mluvy za \u017eenami. N\u011bkter\u00e9 firmy a podniky dnes toto dokonce pom\u011brn\u011b tvrd\u011b vy\u017eaduj\u00ed od sv\u00fdch zam\u011bstnanc\u016f. Mus\u00ed db\u00e1t na sv\u016fj vzhled, a to velmi pe\u010dliv\u011b, proto\u017ee tento \u010dlov\u011bk je prvn\u00ed, koho vlastn\u011b mo\u017en\u00fd z\u00e1kazn\u00edk potk\u00e1. A jist\u011b mus\u00ed zanechat n\u011bjak\u00fd dojem. Odrban\u00fd a neupraven\u00fd zam\u011bstnanec by asi p\u0159\u00edli\u0161 d\u016fv\u011bry nepobrala tud\u00ed\u017e by se mohlo st\u00e1t, \u017ee by z\u00e1kazn\u00edk prchl k jin\u00e9mu dodavateli. Proto je vy\u017eadov\u00e1no nejen kvalitn\u00ed a naprosto profesion\u00e1ln\u00ed vyjad\u0159ov\u00e1n\u00ed a chov\u00e1n\u00ed, ale tak\u00e9 vzhled. To v\u0161e dohromady d\u00e1v\u00e1 z\u00e1kazn\u00edk\u016fm nebo host\u016fm najevo, \u017ee jde o firmu, kter\u00e1 je hodna d\u016fv\u011bry a je na ur\u010dit\u00e9 spole\u010densk\u00e9 \u00farovni. A k tomu dopom\u016f\u017ee barbershop Hostivice.                                                                                                                                                                                                                                                                                                                                                                                                   "},{"@context":"https:\/\/schema.org\/","@type":"BreadcrumbList","itemListElement":[{"@type":"ListItem","position":1,"name":"Jdeme k holi\u010di","item":"https:\/\/www.gareno.cz\/jdeme-k-holici\/#breadcrumbitem"}]}]