[{"@context":"https:\/\/schema.org\/","@type":"Article","@id":"https:\/\/www.gareno.cz\/ja-ziji-ve-velkem-dome\/#Article","mainEntityOfPage":"https:\/\/www.gareno.cz\/ja-ziji-ve-velkem-dome\/","headline":"J\u00e1 \u017eiji ve velk\u00e9m dom\u011b","name":"J\u00e1 \u017eiji ve velk\u00e9m dom\u011b","description":"Jak\u00e9mu bydlen\u00ed d\u00e1v\u00e1te p\u0159ednost? Zn\u00e1m hodn\u011b lid\u00ed, kte\u0159\u00ed ji nejrad\u011bji bydl\u00ed v byt\u011b. Sice ano, ve v\u011bt\u0161in\u011b p\u0159\u00edpad\u016f bydl\u00ed v byt\u011b, kde plat\u00ed n\u00e1jem. Ale samoz\u0159ejm\u011b \u017ee tak\u00e9 mohou m\u00edt byt, kter\u00fd maj\u00ed ve vlastn\u00edm vlastnictv\u00ed. Mohli se ho koupit t\u0159eba na hypot\u00e9ku. Hypot\u00e9ku samoz\u0159ejm\u011b potom mus\u00ed spl\u00e1cet. Tak\u00e9 se m\u016f\u017ee st\u00e1t, \u017ee tento byt [&hellip;]","datePublished":"2023-10-11","dateModified":"2023-10-11","author":{"@type":"Person","@id":"https:\/\/www.gareno.cz\/author\/#Person","name":"","url":"https:\/\/www.gareno.cz\/author\/","identifier":1,"image":{"@type":"ImageObject","@id":"https:\/\/secure.gravatar.com\/avatar\/65248d4269af31fa3fa693ee3fd479d0960b985d370ed586e59378332be7a3ce?s=96&d=mm&r=g","url":"https:\/\/secure.gravatar.com\/avatar\/65248d4269af31fa3fa693ee3fd479d0960b985d370ed586e59378332be7a3ce?s=96&d=mm&r=g","height":96,"width":96}},"publisher":{"@type":"Organization","name":"gareno.cz","logo":{"@type":"ImageObject","@id":"\/logo.png","url":"\/logo.png","width":600,"height":60}},"image":{"@type":"ImageObject","@id":"https:\/\/www.gareno.cz\/wp-content\/uploads\/house-5633019_1280.jpg","url":"https:\/\/www.gareno.cz\/wp-content\/uploads\/house-5633019_1280.jpg","height":0,"width":0},"url":"https:\/\/www.gareno.cz\/ja-ziji-ve-velkem-dome\/","about":["Byt a d\u016fm"],"wordCount":420,"articleBody":"Jak\u00e9mu bydlen\u00ed d\u00e1v\u00e1te p\u0159ednost? Zn\u00e1m hodn\u011b lid\u00ed, kte\u0159\u00ed ji nejrad\u011bji bydl\u00ed v byt\u011b. Sice ano, ve v\u011bt\u0161in\u011b p\u0159\u00edpad\u016f bydl\u00ed v byt\u011b, kde plat\u00ed n\u00e1jem. Ale samoz\u0159ejm\u011b \u017ee tak\u00e9 mohou m\u00edt byt, kter\u00fd maj\u00ed ve vlastn\u00edm vlastnictv\u00ed. Mohli se ho koupit t\u0159eba na hypot\u00e9ku. Hypot\u00e9ku samoz\u0159ejm\u011b potom mus\u00ed spl\u00e1cet. Tak\u00e9 se m\u016f\u017ee st\u00e1t, \u017ee tento byt zd\u011bd\u00ed. Anebo se n\u011bkdo p\u0159ist\u011bhuje k n\u011bkomu, kter\u00fd m\u00e1 byt.\u00a0J\u00e1 sama jsem si \u0159\u00edkala, \u017ee bych cht\u011bla bydlet sp\u00ed\u0161e ve velk\u00e9m dom\u011b. Proto\u017ee jsem si v\u017edycky p\u0159\u00e1la m\u00edt hodn\u011b zv\u00ed\u0159at. Cht\u011bla jsi m\u00edt psa a ko\u010dku.\u00a0Tak\u00e9 jsem potom cht\u011bla chovat slepice. Cht\u011bla jsem tak\u00e9 m\u00edt husy. Jenom\u017ee kdy\u017e jsem se o tom od kamar\u00e1dky dozv\u011bd\u011bla, jak\u00e1 je to pr\u00e1ce, tak jsem si to rozmyslela. Kdy\u017e jsem potom se p\u0159ist\u011bhovala k partnerovi, kter\u00fd m\u00e1 zahradu, tak jsme si po\u0159\u00eddili pouze psi a ko\u010dku. Akor\u00e1t jsem mu je\u0161t\u011b \u0159ekla, \u017ee bych cht\u011bla p\u00e1r slepic. M\u00e1m r\u00e1da dom\u00e1c\u00ed vaj\u00ed\u010dka. Nav\u00edc na dom\u00e1c\u00ed vaj\u00ed\u010dka jsem zvykl\u00e1. Slepice jsme vlastn\u011b s rodi\u010di a prarodi\u010di m\u011bli nonstop. M\u011bli jsme v\u017edycky tolik slepic, \u017ee jsme je sotva stihli krmit. A tak\u00e9 je \u010distit. Potom jsem si \u0159ekla, \u017ee nejlep\u0161\u00ed bude, kdy\u017e potom s partnerem tak\u00e9 si zv\u011bt\u0161\u00edme na\u0161e bydlen\u00ed. A v\u00edte pro\u010d? Proto\u017ee jsme si \u0159ekli, \u017ee kdy\u017e m\u00e1me velikou p\u016fdu, \u017ee to rozd\u011bl\u00edme na jednu\u00a0bytovou jednotku. A \u017ee tohle potom m\u016f\u017eeme pronaj\u00edmat.\u00a0A kdy\u017e budeme pronaj\u00edmat kousek domu, tak samoz\u0159ejm\u011b \u017ee si vyd\u011bl\u00e1me i n\u011bjak\u00e9 pen\u00edze bokem. Ale sly\u0161ela jsem, \u017ee n\u011bkdy jsou velik\u00e9 probl\u00e9my s n\u00e1jemn\u00edky. \u017de n\u011bkdy tohle v\u016fbec neplat\u00ed.\u00a0\u017de neplat\u00ed n\u00e1jem. Podle m\u00e9ho n\u00e1zoru, tohle je \u0161koda. Nech\u00e1pu, pro\u010d jsou takov\u00ed n\u00e1jemn\u00edci, kte\u0159\u00ed neplat\u00ed n\u00e1jem. Je to opravdu \u0161koda. J\u00e1 sama jsem si \u0159ekla, \u017ee kdybych potkala n\u00e1jemn\u00edka, kter\u00fd neplat\u00ed n\u00e1jem, tak bych se opravdu hodn\u011b na\u0161tvala. A jak bydl\u00edte vy? Bydl\u00edte v mal\u00e9m byt\u011b anebo m\u00e1te velik\u00fd d\u016fm? Mnoho lid\u00ed ani nev\u00ed, kde by po\u0159\u00e1dn\u011b cht\u011bli bydlet.\u00a0                                                                                                                                                                                                                                                                                                                                                                                                "},{"@context":"https:\/\/schema.org\/","@type":"BreadcrumbList","itemListElement":[{"@type":"ListItem","position":1,"name":"J\u00e1 \u017eiji ve velk\u00e9m dom\u011b","item":"https:\/\/www.gareno.cz\/ja-ziji-ve-velkem-dome\/#breadcrumbitem"}]}]