[{"@context":"https:\/\/schema.org\/","@type":"Article","@id":"https:\/\/www.gareno.cz\/hadky-mezi-rodici\/#Article","mainEntityOfPage":"https:\/\/www.gareno.cz\/hadky-mezi-rodici\/","headline":"H\u00e1dky mezi rodi\u010di","name":"H\u00e1dky mezi rodi\u010di","description":"Mysl\u00edm si, \u017ee kdy\u017e budete udr\u017eovat opravdu dobr\u00e9 vztahy, tak ud\u011bl\u00e1te jedin\u011b dob\u0159e. Je logick\u00e9, \u017ee kdy\u017e budete m\u00edt opravdu \u0161patn\u00e9 vztahy, tak to potom dopad\u00e1 tak, \u017ee se budete h\u00e1dat a potom tak\u00e9 m\u016f\u017eete b\u00fdt opravdu z toho moc ne\u0161\u0165astn\u00ed. A \u0159ekn\u011bte mi, kdo by potom cht\u011bl b\u00fdt ne\u0161\u0165astn\u00fd? Podle m\u00e9ho n\u00e1zoru asi nikdo, [&hellip;]","datePublished":"2024-02-28","dateModified":"2024-02-28","author":{"@type":"Person","@id":"https:\/\/www.gareno.cz\/author\/#Person","name":"","url":"https:\/\/www.gareno.cz\/author\/","identifier":1,"image":{"@type":"ImageObject","@id":"https:\/\/secure.gravatar.com\/avatar\/65248d4269af31fa3fa693ee3fd479d0960b985d370ed586e59378332be7a3ce?s=96&d=mm&r=g","url":"https:\/\/secure.gravatar.com\/avatar\/65248d4269af31fa3fa693ee3fd479d0960b985d370ed586e59378332be7a3ce?s=96&d=mm&r=g","height":96,"width":96}},"publisher":{"@type":"Organization","name":"gareno.cz","logo":{"@type":"ImageObject","@id":"\/logo.png","url":"\/logo.png","width":600,"height":60}},"image":{"@type":"ImageObject","@id":"https:\/\/www.gareno.cz\/wp-content\/uploads\/argument-238529_1280_3.jpg","url":"https:\/\/www.gareno.cz\/wp-content\/uploads\/argument-238529_1280_3.jpg","height":0,"width":0},"url":"https:\/\/www.gareno.cz\/hadky-mezi-rodici\/","about":["Vztahy"],"wordCount":436,"articleBody":"Mysl\u00edm si, \u017ee kdy\u017e budete udr\u017eovat opravdu dobr\u00e9 vztahy, tak ud\u011bl\u00e1te jedin\u011b dob\u0159e. Je logick\u00e9, \u017ee kdy\u017e budete m\u00edt opravdu \u0161patn\u00e9 vztahy, tak to potom dopad\u00e1 tak, \u017ee se budete h\u00e1dat a potom tak\u00e9 m\u016f\u017eete b\u00fdt opravdu z toho moc ne\u0161\u0165astn\u00ed. A \u0159ekn\u011bte mi, kdo by potom cht\u011bl b\u00fdt ne\u0161\u0165astn\u00fd? Podle m\u00e9ho n\u00e1zoru asi nikdo, proto\u017ee kdy\u017e \u010dlov\u011bk je ne\u0161\u0165astn\u00fd, tak to potom znamen\u00e1, \u017ee je m\u016f\u017ee bre\u010det anebo potom. Tak\u00e9 trp\u011bt stresem, tak\u017ee pokud chcete m\u00edt opravdu dobr\u00e9 rodinn\u00e9 vztahy anebo pracovn\u00ed vztahy nebo jak\u00e9koliv vztahy, tak se sna\u017ete opravdu co nejm\u00ed\u0148 h\u00e1dat. Nejlep\u0161\u00ed by bylo, kdybyste se neh\u00e1dali v\u016fbec jenom\u017ee n\u011bkdy to v\u016fbec nejde.J\u00e1 v\u00edm, \u017ee h\u00e1dka n\u011bkdy opravdu p\u0159edej\u00edt nejde, n\u011bkdy je to opravdu hodn\u011b smutn\u00e9, ale bohu\u017eel u\u017e to tak je. \u010clov\u011bk se h\u00e1dk\u00e1m n\u011bkdy jednodu\u0161e v\u016fbec nev\u00ed nevyhne. A to je podle m\u00e9ho n\u00e1zoru \u00fapln\u011b smutn\u00e9. Kdyby to \u0161lo se vyhnout h\u00e1dk\u00e1m anebo n\u011b\u010demu podobn\u00e9ho, tak by to bylo samoz\u0159ejm\u011b nejlep\u0161\u00ed nejv\u00edce. H\u00e1dek je pr\u00e1v\u011b v rodin\u011b, kde jsou rodi\u010de, a pr\u00e1v\u011b mezi rodi\u010di vznikaj\u00ed h\u00e1dky. To jsou potom takov\u00e9 opravdu hodn\u011b smutn\u00e9 vztahy, \u017ee je potom to l\u00edto nejenom t\u011bm rodi\u010d\u016fm samotn\u00fdm, ale tak\u00e9 samoz\u0159ejm\u011b po tom d\u011btem. Je ale jasn\u00e9, \u017ee rodi\u010de by se v\u016fbec nem\u011bli h\u00e1dat p\u0159ed d\u011btmi, jenom\u017ee n\u011bkdy to tak\u00e9 opravdu nejde. My jsme se s b\u00fdval\u00fdm partnerem tak\u00e9 bohu\u017eel se sebou h\u00e1dali, a to p\u0159ed na\u0161imi d\u011btmi. Bohu\u017eel jsem to nesla potom velice t\u011b\u017ece, proto\u017ee potom na\u0161e d\u011bti st\u00e1le jenom bre\u010dely a ptali se n\u00e1s, pro\u010d se st\u00e1le jenom h\u00e1d\u00e1me a pro\u010d se jako rodi\u010de a v\u016fbec nem\u00e1me r\u00e1di? Absolutn\u011b jsme nev\u011bd\u011bli, jak tohle m\u00e1me d\u011btem vysv\u011btlit, proto\u017ee na\u0161e d\u011bti byly je\u0161t\u011b mal\u00e9 a v\u016fbec tohle nedok\u00e1zaly pochopit. D\u011bti nedok\u00e1zaly pochopit, \u017ee dosp\u011bl\u00ed lid\u00e9 se n\u011bkdy opravdu dost \u010dasto h\u00e1daj\u00ed. H\u00e1daj\u00ed se, \u017ee nevn\u00edmaj\u00ed ani v\u016fbec nic kolem sebe. A tohle potom m\u011b a partnera mrzelo, tak\u017ee se sna\u017e\u00edme udr\u017eovat na\u0161e vztahy st\u00e1le\u00a0v klidu.\u00a0                                                                                                                                                                                                                                                                                                                                                                                                "},{"@context":"https:\/\/schema.org\/","@type":"BreadcrumbList","itemListElement":[{"@type":"ListItem","position":1,"name":"H\u00e1dky mezi rodi\u010di","item":"https:\/\/www.gareno.cz\/hadky-mezi-rodici\/#breadcrumbitem"}]}]