{"@context":"https:\/\/schema.org\/","@type":"CollectionPage","@id":"https:\/\/www.gareno.cz\/ekonomika\/#CollectionPage","headline":"Ekonomika Category","description":"","url":"https:\/\/www.gareno.cz\/ekonomika\/","hasPart":[{"@type":"Article","@id":"https:\/\/www.gareno.cz\/vlastni-bydleni-diky-stabilnimu-prijmu\/","headline":"Vlastn\u00ed bydlen\u00ed d\u00edky stabiln\u00edmu p\u0159\u00edjmu","url":"https:\/\/www.gareno.cz\/vlastni-bydleni-diky-stabilnimu-prijmu\/","datePublished":"2024-11-10","dateModified":"2024-11-10","mainEntityOfPage":"https:\/\/www.gareno.cz\/vlastni-bydleni-diky-stabilnimu-prijmu\/","author":{"@type":"Person","@id":"https:\/\/www.gareno.cz\/author\/#Person","name":"","url":"https:\/\/www.gareno.cz\/author\/","identifier":1,"image":{"@type":"ImageObject","@id":"https:\/\/secure.gravatar.com\/avatar\/65248d4269af31fa3fa693ee3fd479d0960b985d370ed586e59378332be7a3ce?s=96&d=mm&r=g","url":"https:\/\/secure.gravatar.com\/avatar\/65248d4269af31fa3fa693ee3fd479d0960b985d370ed586e59378332be7a3ce?s=96&d=mm&r=g","height":96,"width":96}},"publisher":{"@type":"Organization","name":"gareno.cz","logo":{"@type":"ImageObject","@id":"\/logo.png","url":"\/logo.png","width":600,"height":60}},"image":{"@type":"ImageObject","@id":"https:\/\/www.gareno.cz\/wp-content\/uploads\/money-7881948_640_8.jpg","url":"https:\/\/www.gareno.cz\/wp-content\/uploads\/money-7881948_640_8.jpg","height":0,"width":0},"keywords":null},{"@type":"Article","@id":"https:\/\/www.gareno.cz\/jak-vyzrat-na-financni-problemy\/","headline":"Jak vyzr\u00e1t na finan\u010dn\u00ed probl\u00e9my?","url":"https:\/\/www.gareno.cz\/jak-vyzrat-na-financni-problemy\/","datePublished":"2024-03-15","dateModified":"2024-04-17","mainEntityOfPage":"https:\/\/www.gareno.cz\/jak-vyzrat-na-financni-problemy\/","author":{"@type":"Person","@id":"https:\/\/www.gareno.cz\/author\/#Person","name":"","url":"https:\/\/www.gareno.cz\/author\/","identifier":1,"image":{"@type":"ImageObject","@id":"https:\/\/secure.gravatar.com\/avatar\/65248d4269af31fa3fa693ee3fd479d0960b985d370ed586e59378332be7a3ce?s=96&d=mm&r=g","url":"https:\/\/secure.gravatar.com\/avatar\/65248d4269af31fa3fa693ee3fd479d0960b985d370ed586e59378332be7a3ce?s=96&d=mm&r=g","height":96,"width":96}},"publisher":{"@type":"Organization","name":"gareno.cz","logo":{"@type":"ImageObject","@id":"\/logo.png","url":"\/logo.png","width":600,"height":60}},"image":{"@type":"ImageObject","@id":"https:\/\/www.gareno.cz\/wp-content\/uploads\/pppppppppppppppppppppppppppppp.jpg","url":"https:\/\/www.gareno.cz\/wp-content\/uploads\/pppppppppppppppppppppppppppppp.jpg","height":0,"width":0},"keywords":null},{"@type":"Article","@id":"https:\/\/www.gareno.cz\/problemy-s-hypotekou\/","headline":"Probl\u00e9my s hypot\u00e9kou?","url":"https:\/\/www.gareno.cz\/problemy-s-hypotekou\/","datePublished":"2023-12-26","dateModified":"2024-01-26","mainEntityOfPage":"https:\/\/www.gareno.cz\/problemy-s-hypotekou\/","author":{"@type":"Person","@id":"https:\/\/www.gareno.cz\/author\/#Person","name":"","url":"https:\/\/www.gareno.cz\/author\/","identifier":1,"image":{"@type":"ImageObject","@id":"https:\/\/secure.gravatar.com\/avatar\/65248d4269af31fa3fa693ee3fd479d0960b985d370ed586e59378332be7a3ce?s=96&d=mm&r=g","url":"https:\/\/secure.gravatar.com\/avatar\/65248d4269af31fa3fa693ee3fd479d0960b985d370ed586e59378332be7a3ce?s=96&d=mm&r=g","height":96,"width":96}},"publisher":{"@type":"Organization","name":"gareno.cz","logo":{"@type":"ImageObject","@id":"\/logo.png","url":"\/logo.png","width":600,"height":60}},"image":{"@type":"ImageObject","@id":"https:\/\/www.gareno.cz\/wp-content\/uploads\/money-2724245_640_10_10_10_7.jpg","url":"https:\/\/www.gareno.cz\/wp-content\/uploads\/money-2724245_640_10_10_10_7.jpg","height":0,"width":0},"keywords":null},{"@type":"Article","@id":"https:\/\/www.gareno.cz\/stane-se-euro-v-brzke-dobe-nasi-menou-aneb-jaka-je-budoucnost-ceske-koruny\/","headline":"Stane se euro v brzk\u00e9 dob\u011b na\u0161\u00ed m\u011bnou, aneb jak\u00e1 je budoucnost \u010desk\u00e9 koruny","url":"https:\/\/www.gareno.cz\/stane-se-euro-v-brzke-dobe-nasi-menou-aneb-jaka-je-budoucnost-ceske-koruny\/","datePublished":"2023-11-19","dateModified":"2024-01-22","mainEntityOfPage":"https:\/\/www.gareno.cz\/stane-se-euro-v-brzke-dobe-nasi-menou-aneb-jaka-je-budoucnost-ceske-koruny\/","author":{"@type":"Person","@id":"https:\/\/www.gareno.cz\/author\/#Person","name":"","url":"https:\/\/www.gareno.cz\/author\/","identifier":1,"image":{"@type":"ImageObject","@id":"https:\/\/secure.gravatar.com\/avatar\/65248d4269af31fa3fa693ee3fd479d0960b985d370ed586e59378332be7a3ce?s=96&d=mm&r=g","url":"https:\/\/secure.gravatar.com\/avatar\/65248d4269af31fa3fa693ee3fd479d0960b985d370ed586e59378332be7a3ce?s=96&d=mm&r=g","height":96,"width":96}},"publisher":{"@type":"Organization","name":"gareno.cz","logo":{"@type":"ImageObject","@id":"\/logo.png","url":"\/logo.png","width":600,"height":60}},"image":{"@type":"ImageObject","@id":"https:\/\/www.gareno.cz\/wp-content\/uploads\/Jednotn%C3%A1%20unijn%C3%AD%20m%C4%9Bna.jpg","url":"https:\/\/www.gareno.cz\/wp-content\/uploads\/Jednotn%C3%A1%20unijn%C3%AD%20m%C4%9Bna.jpg","height":0,"width":0},"keywords":null},{"@type":"Article","@id":"https:\/\/www.gareno.cz\/kde-si-mohou-podnikatele-pujcit\/","headline":"Kde si mohou podnikatel\u00e9 p\u016fj\u010dit?","url":"https:\/\/www.gareno.cz\/kde-si-mohou-podnikatele-pujcit\/","datePublished":"2023-07-15","dateModified":"2023-07-15","mainEntityOfPage":"https:\/\/www.gareno.cz\/kde-si-mohou-podnikatele-pujcit\/","author":{"@type":"Person","@id":"https:\/\/www.gareno.cz\/author\/#Person","name":"","url":"https:\/\/www.gareno.cz\/author\/","identifier":1,"image":{"@type":"ImageObject","@id":"https:\/\/secure.gravatar.com\/avatar\/65248d4269af31fa3fa693ee3fd479d0960b985d370ed586e59378332be7a3ce?s=96&d=mm&r=g","url":"https:\/\/secure.gravatar.com\/avatar\/65248d4269af31fa3fa693ee3fd479d0960b985d370ed586e59378332be7a3ce?s=96&d=mm&r=g","height":96,"width":96}},"publisher":{"@type":"Organization","name":"gareno.cz","logo":{"@type":"ImageObject","@id":"\/logo.png","url":"\/logo.png","width":600,"height":60}},"image":{"@type":"ImageObject","@id":"https:\/\/www.gareno.cz\/wp-content\/uploads\/euro-3294249_1280.jpg","url":"https:\/\/www.gareno.cz\/wp-content\/uploads\/euro-3294249_1280.jpg","height":0,"width":0},"keywords":null},{"@type":"Article","@id":"https:\/\/www.gareno.cz\/s-penezi-jsou-potize\/","headline":"S pen\u011bzi jsou pot\u00ed\u017ee","url":"https:\/\/www.gareno.cz\/s-penezi-jsou-potize\/","datePublished":"2023-04-29","dateModified":"2023-05-31","mainEntityOfPage":"https:\/\/www.gareno.cz\/s-penezi-jsou-potize\/","author":{"@type":"Person","@id":"https:\/\/www.gareno.cz\/author\/#Person","name":"","url":"https:\/\/www.gareno.cz\/author\/","identifier":1,"image":{"@type":"ImageObject","@id":"https:\/\/secure.gravatar.com\/avatar\/65248d4269af31fa3fa693ee3fd479d0960b985d370ed586e59378332be7a3ce?s=96&d=mm&r=g","url":"https:\/\/secure.gravatar.com\/avatar\/65248d4269af31fa3fa693ee3fd479d0960b985d370ed586e59378332be7a3ce?s=96&d=mm&r=g","height":96,"width":96}},"publisher":{"@type":"Organization","name":"gareno.cz","logo":{"@type":"ImageObject","@id":"\/logo.png","url":"\/logo.png","width":600,"height":60}},"image":{"@type":"ImageObject","@id":"https:\/\/www.gareno.cz\/wp-content\/uploads\/swedish-krona-6784696_960_720.jpg","url":"https:\/\/www.gareno.cz\/wp-content\/uploads\/swedish-krona-6784696_960_720.jpg","height":0,"width":0},"keywords":null},{"@type":"Article","@id":"https:\/\/www.gareno.cz\/kde-prijit-k-penezum\/","headline":"Kde p\u0159ij\u00edt k pen\u011bz\u016fm?","url":"https:\/\/www.gareno.cz\/kde-prijit-k-penezum\/","datePublished":"2023-03-19","dateModified":"2023-04-24","mainEntityOfPage":"https:\/\/www.gareno.cz\/kde-prijit-k-penezum\/","author":{"@type":"Person","@id":"https:\/\/www.gareno.cz\/author\/#Person","name":"","url":"https:\/\/www.gareno.cz\/author\/","identifier":1,"image":{"@type":"ImageObject","@id":"https:\/\/secure.gravatar.com\/avatar\/65248d4269af31fa3fa693ee3fd479d0960b985d370ed586e59378332be7a3ce?s=96&d=mm&r=g","url":"https:\/\/secure.gravatar.com\/avatar\/65248d4269af31fa3fa693ee3fd479d0960b985d370ed586e59378332be7a3ce?s=96&d=mm&r=g","height":96,"width":96}},"publisher":{"@type":"Organization","name":"gareno.cz","logo":{"@type":"ImageObject","@id":"\/logo.png","url":"\/logo.png","width":600,"height":60}},"image":{"@type":"ImageObject","@id":"https:\/\/www.gareno.cz\/wp-content\/uploads\/dollar-7206235_960_720.png","url":"https:\/\/www.gareno.cz\/wp-content\/uploads\/dollar-7206235_960_720.png","height":0,"width":0},"keywords":null},{"@type":"Article","@id":"https:\/\/www.gareno.cz\/penize-jsou-na-svete-vsim-co-mame\/","headline":"Pen\u00edze jsou na sv\u011bt\u011b v\u0161\u00edm, co m\u00e1me","url":"https:\/\/www.gareno.cz\/penize-jsou-na-svete-vsim-co-mame\/","datePublished":"2023-02-10","dateModified":"2023-02-10","mainEntityOfPage":"https:\/\/www.gareno.cz\/penize-jsou-na-svete-vsim-co-mame\/","author":{"@type":"Person","@id":"https:\/\/www.gareno.cz\/author\/#Person","name":"","url":"https:\/\/www.gareno.cz\/author\/","identifier":1,"image":{"@type":"ImageObject","@id":"https:\/\/secure.gravatar.com\/avatar\/65248d4269af31fa3fa693ee3fd479d0960b985d370ed586e59378332be7a3ce?s=96&d=mm&r=g","url":"https:\/\/secure.gravatar.com\/avatar\/65248d4269af31fa3fa693ee3fd479d0960b985d370ed586e59378332be7a3ce?s=96&d=mm&r=g","height":96,"width":96}},"publisher":{"@type":"Organization","name":"gareno.cz","logo":{"@type":"ImageObject","@id":"\/logo.png","url":"\/logo.png","width":600,"height":60}},"image":{"@type":"ImageObject","@id":"https:\/\/www.gareno.cz\/wp-content\/uploads\/coins-1726618_960_720_2.jpg","url":"https:\/\/www.gareno.cz\/wp-content\/uploads\/coins-1726618_960_720_2.jpg","height":0,"width":0},"keywords":null},{"@type":"Article","@id":"https:\/\/www.gareno.cz\/nekdy-si-potrebujeme-pujcit\/","headline":"N\u011bkdy si pot\u0159ebujeme p\u016fj\u010dit","url":"https:\/\/www.gareno.cz\/nekdy-si-potrebujeme-pujcit\/","datePublished":"2022-10-24","dateModified":"2022-10-24","mainEntityOfPage":"https:\/\/www.gareno.cz\/nekdy-si-potrebujeme-pujcit\/","author":{"@type":"Person","@id":"https:\/\/www.gareno.cz\/author\/#Person","name":"","url":"https:\/\/www.gareno.cz\/author\/","identifier":1,"image":{"@type":"ImageObject","@id":"https:\/\/secure.gravatar.com\/avatar\/65248d4269af31fa3fa693ee3fd479d0960b985d370ed586e59378332be7a3ce?s=96&d=mm&r=g","url":"https:\/\/secure.gravatar.com\/avatar\/65248d4269af31fa3fa693ee3fd479d0960b985d370ed586e59378332be7a3ce?s=96&d=mm&r=g","height":96,"width":96}},"publisher":{"@type":"Organization","name":"gareno.cz","logo":{"@type":"ImageObject","@id":"\/logo.png","url":"\/logo.png","width":600,"height":60}},"image":{"@type":"ImageObject","@id":"https:\/\/www.gareno.cz\/wp-content\/uploads\/eura%20drobn%C3%A9_10_4.jpg","url":"https:\/\/www.gareno.cz\/wp-content\/uploads\/eura%20drobn%C3%A9_10_4.jpg","height":0,"width":0},"keywords":null},{"@type":"Article","@id":"https:\/\/www.gareno.cz\/spolu-v-cosalt-rimini-domku\/","headline":"Spolu v Cosalt Rimini domku","url":"https:\/\/www.gareno.cz\/spolu-v-cosalt-rimini-domku\/","datePublished":"2021-11-14","dateModified":"2021-11-14","mainEntityOfPage":"https:\/\/www.gareno.cz\/spolu-v-cosalt-rimini-domku\/","author":{"@type":"Person","@id":"https:\/\/www.gareno.cz\/author\/#Person","name":"","url":"https:\/\/www.gareno.cz\/author\/","identifier":1,"image":{"@type":"ImageObject","@id":"https:\/\/secure.gravatar.com\/avatar\/65248d4269af31fa3fa693ee3fd479d0960b985d370ed586e59378332be7a3ce?s=96&d=mm&r=g","url":"https:\/\/secure.gravatar.com\/avatar\/65248d4269af31fa3fa693ee3fd479d0960b985d370ed586e59378332be7a3ce?s=96&d=mm&r=g","height":96,"width":96}},"publisher":{"@type":"Organization","name":"gareno.cz","logo":{"@type":"ImageObject","@id":"\/logo.png","url":"\/logo.png","width":600,"height":60}},"image":{"@type":"ImageObject","@id":"https:\/\/www.gareno.cz\/wp-content\/uploads\/mobilni%20sezonni%20domek.jpg","url":"https:\/\/www.gareno.cz\/wp-content\/uploads\/mobilni%20sezonni%20domek.jpg","height":0,"width":0},"keywords":null}]}