[{"@context":"https:\/\/schema.org\/","@type":"Article","@id":"https:\/\/www.gareno.cz\/dres-maloja-s-kvetinovymi-motivy-vase-divka-urcite-oceni\/#Article","mainEntityOfPage":"https:\/\/www.gareno.cz\/dres-maloja-s-kvetinovymi-motivy-vase-divka-urcite-oceni\/","headline":"Dres Maloja s kv\u011btinov\u00fdmi motivy va\u0161e d\u00edvka ur\u010dit\u011b ocen\u00ed","name":"Dres Maloja s kv\u011btinov\u00fdmi motivy va\u0161e d\u00edvka ur\u010dit\u011b ocen\u00ed","description":"Cyklistick\u00e9 dresy Maloja C Store pat\u0159\u00ed k obl\u00edben\u00fdm \u017eensk\u00fdm funk\u010dn\u00edm od\u011bv\u016fm nejen z praktick\u00e9ho hlediska, ale i pro sv\u016fj v\u00fdjime\u010dn\u00fd vzhled. N\u011bkter\u00e9 z nich jsou vyzdoben\u00e9 kv\u011btinov\u00fdmi motivy, co\u017e je pro cyklistiku sp\u00ed\u0161e neobvykl\u00e9, ale pr\u00e1v\u011b ona v\u00fdjime\u010dnost nahr\u00e1v\u00e1 tomu, po\u0159\u00eddit n\u011bco nev\u0161edn\u00edho, co b\u011b\u017en\u011b v ter\u00e9nu na cyklostezk\u00e1ch nespat\u0159\u00edte. Chcete-li ud\u011blat radost a va\u0161i [&hellip;]","datePublished":"2024-09-25","dateModified":"2024-09-25","author":{"@type":"Person","@id":"https:\/\/www.gareno.cz\/author\/#Person","name":"","url":"https:\/\/www.gareno.cz\/author\/","identifier":1,"image":{"@type":"ImageObject","@id":"https:\/\/secure.gravatar.com\/avatar\/65248d4269af31fa3fa693ee3fd479d0960b985d370ed586e59378332be7a3ce?s=96&d=mm&r=g","url":"https:\/\/secure.gravatar.com\/avatar\/65248d4269af31fa3fa693ee3fd479d0960b985d370ed586e59378332be7a3ce?s=96&d=mm&r=g","height":96,"width":96}},"publisher":{"@type":"Organization","name":"gareno.cz","logo":{"@type":"ImageObject","@id":"\/logo.png","url":"\/logo.png","width":600,"height":60}},"image":{"@type":"ImageObject","@id":"https:\/\/www.gareno.cz\/wp-content\/uploads\/mountains-3602837_640_10_3.jpg","url":"https:\/\/www.gareno.cz\/wp-content\/uploads\/mountains-3602837_640_10_3.jpg","height":0,"width":0},"url":"https:\/\/www.gareno.cz\/dres-maloja-s-kvetinovymi-motivy-vase-divka-urcite-oceni\/","about":["V\u00fdrobky"],"wordCount":422,"articleBody":"        Cyklistick\u00e9 dresy Maloja C Store pat\u0159\u00ed k obl\u00edben\u00fdm \u017eensk\u00fdm funk\u010dn\u00edm od\u011bv\u016fm nejen z praktick\u00e9ho hlediska, ale i pro sv\u016fj v\u00fdjime\u010dn\u00fd vzhled. N\u011bkter\u00e9 z nich jsou vyzdoben\u00e9 kv\u011btinov\u00fdmi motivy, co\u017e je pro cyklistiku sp\u00ed\u0161e neobvykl\u00e9, ale pr\u00e1v\u011b ona v\u00fdjime\u010dnost nahr\u00e1v\u00e1 tomu, po\u0159\u00eddit n\u011bco nev\u0161edn\u00edho, co b\u011b\u017en\u011b v ter\u00e9nu na cyklostezk\u00e1ch nespat\u0159\u00edte. Chcete-li ud\u011blat radost a va\u0161i p\u0159\u00edtelkyni obl\u00e9knout na dovolenou v Jizersk\u00fdch hor\u00e1ch, pak bude pr\u00e1v\u011b tento v\u00fdrobek naprosto dokonalou volbou. Pro\u010d pr\u00e1v\u011b dresy Maloja vyniknou v horsk\u00e9m ter\u00e9nu?Kv\u011btiny do hor pat\u0159\u00ed \u2013 v hor\u00e1ch dnes ub\u00fdv\u00e1 kv\u011btnat\u00fdch luk, co\u017e je nejen \u0161koda, ale i docela z\u00e1va\u017en\u00fd probl\u00e9m, nebo\u0165 se t\u00edm m\u011bn\u00ed tamn\u00ed ekosyst\u00e9m, zvl\u00e1\u0161t\u011b pak p\u0159irozen\u00fd pod\u00edl v\u00fdskytu hmyzu v p\u0159\u00edrod\u011b. Kv\u011btinov\u00fdm dresem tedy m\u016f\u017eete lidem ve va\u0161em okol\u00ed p\u0159ipom\u00ednat to, co k hor\u00e1m neodmysliteln\u011b pat\u0159\u00ed, a co by tam tak\u00e9 m\u011blo z\u016fstat i pro budouc\u00ed generace. Kv\u011btinov\u00fd motiv na dresu tu bude p\u016fsobit mnohem p\u0159irozen\u011bji, ne\u017e typick\u00e9 z\u00e1vodn\u00ed dresy s pruhy a v k\u0159iklav\u00fdch barv\u00e1ch.\u017derzejov\u00e1 tkanina \u2013 d\u00e1msk\u00fd dres Maloja m\u016f\u017ee b\u00fdt zhotoven z \u017eerzejov\u00e9 polyesterov\u00e9 tkaniny, ta je velmi p\u0159\u00edjemn\u00e1 na dotek, dostate\u010dn\u011b m\u011bkk\u00e1 a z\u00e1rove\u0148 pru\u017en\u00e1. Funk\u010dn\u00ed dres za de\u0161tiv\u00e9ho po\u010das\u00ed rychle schne a dob\u0159e odv\u00e1d\u00ed od t\u011bla pot, proto se v tomto \u017eerzejov\u00e9m \u00fapletu bude va\u0161e p\u0159\u00edtelkyn\u011b c\u00edtit l\u00e9pe, ne\u017e v bavln\u011bn\u00e9m oble\u010den\u00ed, kter\u00e9 sice absorbuje pot a vlhkost, ale udr\u017euje ji v sob\u011b a t\u00edm je v pr\u016fb\u011bhu j\u00edzdy na kole na poko\u017ece nep\u0159\u00edjemn\u011b studen\u00e9. Technologie Polygiene \u2013 sou\u010d\u00e1st\u00ed dresu je tato technologie s obsahem \u010d\u00e1stic st\u0159\u00edbra (chloridu st\u0159\u00edbrn\u00e9ho). St\u0159\u00edbro je p\u0159irozen\u011b antibakteri\u00e1ln\u00ed a t\u00edm udr\u017euje oble\u010den\u00ed del\u0161\u00ed dobu bez z\u00e1pachu. V Jizersk\u00fdch hor\u00e1ch bude m\u00edt va\u0161e p\u0159\u00edtelkyn\u011b tendenci hodn\u011b se potit, proto\u017ee se nejedn\u00e1 o rovinu jako na T\u0159ebo\u0148sku, n\u00fdbr\u017e jedno z na\u0161ich nejvy\u0161\u0161\u00edch poho\u0159\u00ed. I tak se tu ale daj\u00ed objevit trasy v \u00fadol\u00edch, kter\u00e9 jsou vhodn\u00e9 pro m\u00e9n\u011b zdatn\u00e9 jedince.                                                                                                                                                                                                                                                                                                                                                                                                  "},{"@context":"https:\/\/schema.org\/","@type":"BreadcrumbList","itemListElement":[{"@type":"ListItem","position":1,"name":"Dres Maloja s kv\u011btinov\u00fdmi motivy va\u0161e d\u00edvka ur\u010dit\u011b ocen\u00ed","item":"https:\/\/www.gareno.cz\/dres-maloja-s-kvetinovymi-motivy-vase-divka-urcite-oceni\/#breadcrumbitem"}]}]