[{"@context":"https:\/\/schema.org\/","@type":"Article","@id":"https:\/\/www.gareno.cz\/bez-ipadu-ani-ranu\/#Article","mainEntityOfPage":"https:\/\/www.gareno.cz\/bez-ipadu-ani-ranu\/","headline":"Bez iPadu ani r\u00e1nu","name":"Bez iPadu ani r\u00e1nu","description":"Lid\u00e9 jsou zvykl\u00ed na po\u010d\u00edta\u010de a na notebooky, ale v posledn\u00edch letech se do dom\u00e1cnost\u00ed dostaly i tablety. D\u00edky nim je spousta pr\u00e1ce jednodu\u0161\u0161\u00ed t\u0159eba d\u00edky tomu, \u017ee tablet je skladn\u011bj\u0161\u00ed ne\u017e notebook a sn\u00e1z se p\u0159en\u00e1\u0161\u00ed. Proto mnoho lid\u00ed tablety pou\u017e\u00edv\u00e1 i kdy\u017e maj\u00ed notebook nebo stoln\u00ed po\u010d\u00edta\u010d. I na tabletu rozjedete spoustu program\u016f, [&hellip;]","datePublished":"2024-01-15","dateModified":"2024-02-16","author":{"@type":"Person","@id":"https:\/\/www.gareno.cz\/author\/#Person","name":"","url":"https:\/\/www.gareno.cz\/author\/","identifier":1,"image":{"@type":"ImageObject","@id":"https:\/\/secure.gravatar.com\/avatar\/65248d4269af31fa3fa693ee3fd479d0960b985d370ed586e59378332be7a3ce?s=96&d=mm&r=g","url":"https:\/\/secure.gravatar.com\/avatar\/65248d4269af31fa3fa693ee3fd479d0960b985d370ed586e59378332be7a3ce?s=96&d=mm&r=g","height":96,"width":96}},"publisher":{"@type":"Organization","name":"gareno.cz","logo":{"@type":"ImageObject","@id":"\/logo.png","url":"\/logo.png","width":600,"height":60}},"image":{"@type":"ImageObject","@id":"https:\/\/www.gareno.cz\/wp-content\/uploads\/cover-for-pad-1953994_640.jpg","url":"https:\/\/www.gareno.cz\/wp-content\/uploads\/cover-for-pad-1953994_640.jpg","height":0,"width":0},"url":"https:\/\/www.gareno.cz\/bez-ipadu-ani-ranu\/","about":["V\u00fdrobky"],"wordCount":414,"articleBody":"   Lid\u00e9 jsou zvykl\u00ed na po\u010d\u00edta\u010de a na notebooky, ale v posledn\u00edch letech se do dom\u00e1cnost\u00ed dostaly i tablety. D\u00edky nim je spousta pr\u00e1ce jednodu\u0161\u0161\u00ed t\u0159eba d\u00edky tomu, \u017ee tablet je skladn\u011bj\u0161\u00ed ne\u017e notebook a sn\u00e1z se p\u0159en\u00e1\u0161\u00ed. Proto mnoho lid\u00ed tablety pou\u017e\u00edv\u00e1 i kdy\u017e maj\u00ed notebook nebo stoln\u00ed po\u010d\u00edta\u010d. I na tabletu rozjedete spoustu program\u016f, kter\u00e9 b\u011b\u017en\u011b pou\u017e\u00edv\u00e1te t\u0159eba na notebooku.Tablety ale vzhledem ke sv\u00fdm men\u0161\u00edm rozm\u011br\u016fm a hmotnosti jde o za\u0159\u00edzen\u00ed, kter\u00e9 se snadno po\u0161kod\u00ed. Pokud iPad m\u00e1te a pokud ho p\u0159en\u00e1\u0161\u00edte t\u0159eba do \u0161koly nebo do pr\u00e1ce, je lep\u0161\u00ed m\u00edt jej v pouzdru nebo obalu. Na trhu je spousta obal\u016f, kter\u00e9 v\u00e1\u0161 iPad ochr\u00e1n\u00ed p\u0159ed po\u0161kozen\u00edm. M\u016f\u017eete si vybrat z cel\u00e9 \u0161k\u00e1ly obal\u016f, z nich\u017e n\u011bkter\u00e9 maj\u00ed nap\u0159\u00edklad integrovan\u00fd dr\u017e\u00e1k nebo kl\u00e1vesnici. D\u00edky tomu se v\u00e1m bude v\u00e1\u0161 tablet l\u00e9pe ovl\u00e1dat.D\u00edky obalu bude v\u00e1\u0161 iPad nejen odoln\u011bj\u0161\u00ed a bude se v\u00e1m l\u00e9pe p\u0159en\u00e1\u0161et, ale pokud si vyberete opravdu pevn\u00fd obal t\u0159eba pr\u00e1v\u011b s kl\u00e1vesnic\u00ed, m\u016f\u017eete se t\u011b\u0161it i na cestov\u00e1n\u00ed, proto\u017ee si dlouh\u00e9 chv\u00edle t\u0159eba ve vlaku zkr\u00e1t\u00edte pomoc\u00ed iPadu, kter\u00fd se v\u00e1m bude dob\u0159e ovl\u00e1dat.S obalem bude m\u00edt v\u00e1\u0161 iPad poka\u017ed\u00e9 jin\u00fd design. M\u016f\u017eete si vybrat t\u0159eba barevn\u00fd obal nebo zna\u010dkov\u00fd obal na iPad air, a z\u00edsk\u00e1te tak mnoho vzhled\u016f pro va\u0161e za\u0159\u00edzen\u00ed. A jestli m\u00e1te i iPhone, m\u016f\u017eete dokonce sladit obaly telefonu i iPadu. A\u0165 u\u017e m\u00e1te jak\u00fdkoliv iPad, ur\u010dit\u011b budete r\u00e1di kdy\u017e v\u00e1m dlouho vydr\u017e\u00ed. Zvy\u0161te \u017eivotnost sv\u00e9ho za\u0159\u00edzen\u00ed. iPad nepat\u0159\u00ed mezi nejlevn\u011bj\u0161\u00ed elektroniku, a byla by \u0161koda se nesna\u017eit o to, aby v\u00e1m v\u00e1\u0161 tablet vydr\u017eel co nejd\u00e9le.Pozor &#8211; tak jako telefon by ani iPad nem\u011bl b\u00fdt b\u011bhem nab\u00edjen\u00ed v obalu, proto\u017ee to m\u016f\u017ee zp\u016fsobit p\u0159eh\u0159\u00edv\u00e1n\u00ed. V\u017edycky je lep\u0161\u00ed elektroniku nab\u00edjet bez obal\u016f, aby se prodlou\u017eila \u017eivotnost baterie a t\u00edm i cel\u00e9ho za\u0159\u00edzen\u00ed, proto\u017ee baterie je jedna z nejdra\u017e\u0161\u00edch polo\u017eek, a\u0165 u\u017e u telefonu nebo u tabletu \u010di notebooku.                                                                                                                                                                                                                                                                                                                                                                                                  "},{"@context":"https:\/\/schema.org\/","@type":"BreadcrumbList","itemListElement":[{"@type":"ListItem","position":1,"name":"Bez iPadu ani r\u00e1nu","item":"https:\/\/www.gareno.cz\/bez-ipadu-ani-ranu\/#breadcrumbitem"}]}]